{"id":12803,"date":"2021-09-10T19:33:43","date_gmt":"2021-09-10T17:33:43","guid":{"rendered":"http:\/\/rutube.fr\/?p=12803"},"modified":"2021-09-10T19:33:43","modified_gmt":"2021-09-10T17:33:43","slug":"zemmour-balance-lincroyable-conversation-quil-a-eue-avec-macron-sur-limmigration","status":"publish","type":"post","link":"https:\/\/webtube.fr\/index.php\/2021\/09\/10\/zemmour-balance-lincroyable-conversation-quil-a-eue-avec-macron-sur-limmigration\/","title":{"rendered":"Zemmour balance l\u2019incroyable conversation qu\u2019il a eue avec Macron sur l\u2019immigration"},"content":{"rendered":"\n<figure><iframe loading=\"lazy\" width=\"800\" height=\"200\" src=\"http:\/\/www.weboomedia.fr\/RutubeStreaming1.htm\" frameborder=\"N\" scrolling=\"no\"><\/iframe><\/figure>\n\n\n\n<p>Articles\u00a0: <a href=\"http:\/\/rutube.fr\/2021\/09\/\" target=\"_blank\" rel=\"noreferrer noopener\">Sept 2021<\/a> &#8211; <a href=\"http:\/\/rutube.fr\/2021\/08\/\" target=\"_blank\" rel=\"noreferrer noopener\">Aout 2021 &#8211;<\/a> <a href=\"http:\/\/rutube.fr\/2021\/07\/\" target=\"_blank\" rel=\"noreferrer noopener\">Juil.2021 &#8211;<\/a> <a href=\"http:\/\/rutube.fr\/2021\/06\/\">Juin 2021<\/a> &#8211; <a href=\"http:\/\/rutube.fr\/2021\/05\/\" target=\"_blank\" rel=\"noreferrer noopener\">Mai 2021<\/a> &#8211; <a href=\"http:\/\/rutube.fr\/2021\/04\/\" target=\"_blank\" rel=\"noreferrer noopener\">Avr. 2021<\/a><\/p>\n\n\n\n<figure class=\"wp-block-image size-large\"><img decoding=\"async\" src=\"https:\/\/www.fdesouche.com\/wp-content\/uploads\/2021\/09\/Zemmour_Macron2-768x432-1.jpg\" alt=\"\"\/><\/figure>\n\n\n\n<p>(\u2026) \u00c9ric Zemmour raconte aussi pour la premi\u00e8re fois sa conversation avec Emmanuel Macron. Apr\u00e8s son agression verbale film\u00e9e et diffus\u00e9e sur les r\u00e9seaux sociaux, le pr\u00e9sident de la R\u00e9publique l\u2019a appel\u00e9. Pendant plus de \u00adquarante-cinq minutes les deux hommes vont \u00e9changer sur les \u00ab racailles \u00bb, la R\u00e9publique, les banlieues et l\u2019islam. \u00ab Je lui dis qu\u2019il y a toujours des individus bons ou m\u00e9chants, peu \u00adimporte, mais je crois aux inconscients collectifs qui nous \u00addirigent, et l\u2019inconscient collectif de ces populations musulmanes est de coloniser l\u2019ancien colonisateur, de dominer \u00adl\u2019infid\u00e8le au nom d\u2019Allah. \u00bb \u00c0 ces mots, selon l\u2019auteur, \u00adEmmanuel Macron lui aurait conc\u00e9d\u00e9 avoir \u00ab raison sur ce point \u00bb, mais que \u00ab s\u2019il parle comme moi, on va \u00e0 la guerre \u00adcivile ; je lui dis qu\u2019on va de toute fa\u00e7on \u00e0 la guerre civile si on continue la politique qu\u2019il suit \u00bb. Le plus savoureux de cet \u00e9change reste le moment o\u00f9 \u00c9ric Zemmour lui parle de son projet : \u00ab Je lui dis : j\u2019ai un plan si vous voulez, il y a de nombreuses mesures \u00e0 prendre. \u00bb Il me coupe : \u00ab \u00c7a m\u2019int\u00e9resse. \u00bb Et \u00e0 la fin de la conversation, le chef de l\u2019\u00c9tat le relance : \u00ab\u00a0<strong>Au fait<\/strong>,\u00a0<strong>votre plan<\/strong>,\u00a0<strong>faites<\/strong>\u2013<strong>moi une note<\/strong>. \u00bb Je fais mine de ne pas comprendre : \u00ab Quel plan ? \u00bb Il encha\u00eene, amus\u00e9 de m\u2019avoir bouscul\u00e9 : \u00ab Mais voyons, votre plan sur l\u2019immigration, mon secr\u00e9tariat vous contactera. \u00bb<\/p>\n\n\n\n<p>Bien s\u00fbr, \u00c9ric Zemmour n\u2019en fera rien. Il ne veut pas br\u00fbler ses cartouches trop vite. Les garde-t-il pour une candi\u00addature \u00e0 l\u2019\u00e9lection pr\u00e9sidentielle ? \u00c9ric Zemmour se refuse \u00e0 l\u2019\u00e9voquer. Trop t\u00f4t. Trop d\u2019incertitudes encore aujourd\u2019hui. Ne vaut-il mieux pas attendre l\u2019automne quand les R\u00e9publicains choisiront leur candidat ? Rien ne sert de se presser et de c\u00e9der \u00e0 la pression m\u00e9diatique. Pour autant, l\u2019organisation se met en place. Des maires \u00adre\u00e7oivent des demandes de parrainages pour valider sa candidature ; des experts r\u00e9digent des notes ; des financiers sont sollicit\u00e9s, quand ce ne sont pas eux qui prennent les \u00addevants. De ce point de vue, ceux qui travaillent avec lui \u00adracontent leur sid\u00e9ration de voir des expatri\u00e9s, qui avaient soutenu Emmanuel Macron en 2017, chercher \u00e0 le joindre pour lui proposer de l\u2019aider financi\u00e8rement s\u2019il se lance.<\/p>\n\n\n\n<p>(\u2026)\u00a0<a href=\"https:\/\/www.huffingtonpost.fr\/entry\/eric-zemmour-valeurs-actuelles-note-immigration-macron-nourrit-le-recit-dun-interet-a-la-droite-dure_fr_613b0b66e4b0640100a329b4\" target=\"_blank\" rel=\"noreferrer noopener\">Le Figaro<\/a><\/p>\n\n\n\n<figure><iframe loading=\"lazy\" width=\"800\" height=\"200\" src=\"http:\/\/www.weboomedia.fr\/RutubeStreaming1.htm\" frameborder=\"N\" scrolling=\"no\"><\/iframe><\/figure>\n<!-- ADDFREESTATS.COM AUTOCODE V4.0 -->\n<script type=\"text\/javascript\">\n<!--\nvar AFS_Account=\"00636949\";\nvar AFS_Tracker=\"auto\";\nvar AFS_Server=\"www6\";\nvar AFS_Page=\"DetectName\";\nvar AFS_Url=\"DetectUrl\";\n\/\/ -->\n<\/script>\n<script type=\"text\/javascript\" src=\"http:\/\/www6.addfreestats.com\/cgi-bin\/afstrack.cgi?usr=00636949\">\n<\/script>\n<noscript>\n<a href=\"http:\/\/www.addfreestats.com\">\n<img decoding=\"async\" src=\"http:\/\/www6.addfreestats.com\/cgi-bin\/connect.cgi?usr=00636949Pauto\" border=\"0\" alt=\"AddFreeStats.com Free Web Stats!\">Web Stats<\/a>\n<\/noscript>\n\n<!-- ENDADDFREESTATS.COM AUTOCODE V4.0  \u2192\n","protected":false},"excerpt":{"rendered":"<p>Articles\u00a0: Sept 2021 &#8211; Aout 2021 &#8211; Juil.2021 &#8211; Juin 2021 &#8211; Mai 2021 &#8211; Avr. 2021 (\u2026) \u00c9ric Zemmour raconte aussi pour la premi\u00e8re fois sa conversation avec Emmanuel Macron. Apr\u00e8s son agression verbale film\u00e9e et diffus\u00e9e sur les r\u00e9seaux sociaux, le pr\u00e9sident de la R\u00e9publique l\u2019a appel\u00e9. Pendant plus de \u00adquarante-cinq minutes les &hellip; <a href=\"https:\/\/webtube.fr\/index.php\/2021\/09\/10\/zemmour-balance-lincroyable-conversation-quil-a-eue-avec-macron-sur-limmigration\/\" class=\"more-link\">Continuer la lecture<span class=\"screen-reader-text\"> de &laquo;&nbsp;Zemmour balance l\u2019incroyable conversation qu\u2019il a eue avec Macron sur l\u2019immigration&nbsp;&raquo;<\/span><\/a><\/p>\n","protected":false},"author":1,"featured_media":0,"comment_status":"open","ping_status":"open","sticky":false,"template":"","format":"standard","meta":{"_jetpack_memberships_contains_paid_content":false,"footnotes":""},"categories":[2],"tags":[],"class_list":["post-12803","post","type-post","status-publish","format-standard","hentry","category-non-classe"],"yoast_head":"<!-- This site is optimized with the Yoast SEO plugin v27.3 - https:\/\/yoast.com\/product\/yoast-seo-wordpress\/ -->\n<title>Zemmour balance l\u2019incroyable conversation qu\u2019il a eue avec Macron sur l\u2019immigration - # WEBTUBE.fr<\/title>\n<meta name=\"robots\" content=\"index, follow, max-snippet:-1, max-image-preview:large, max-video-preview:-1\" \/>\n<link rel=\"canonical\" href=\"https:\/\/webtube.fr\/index.php\/2021\/09\/10\/zemmour-balance-lincroyable-conversation-quil-a-eue-avec-macron-sur-limmigration\/\" \/>\n<meta property=\"og:locale\" content=\"fr_FR\" \/>\n<meta property=\"og:type\" content=\"article\" \/>\n<meta property=\"og:title\" content=\"Zemmour balance l\u2019incroyable conversation qu\u2019il a eue avec Macron sur l\u2019immigration - # WEBTUBE.fr\" \/>\n<meta property=\"og:description\" content=\"Articles\u00a0: Sept 2021 &#8211; Aout 2021 &#8211; Juil.2021 &#8211; Juin 2021 &#8211; Mai 2021 &#8211; Avr. 2021 (\u2026) \u00c9ric Zemmour raconte aussi pour la premi\u00e8re fois sa conversation avec Emmanuel Macron. Apr\u00e8s son agression verbale film\u00e9e et diffus\u00e9e sur les r\u00e9seaux sociaux, le pr\u00e9sident de la R\u00e9publique l\u2019a appel\u00e9. Pendant plus de \u00adquarante-cinq minutes les &hellip; Continuer la lecture de &laquo;&nbsp;Zemmour balance l\u2019incroyable conversation qu\u2019il a eue avec Macron sur l\u2019immigration&nbsp;&raquo;\" \/>\n<meta property=\"og:url\" content=\"https:\/\/webtube.fr\/index.php\/2021\/09\/10\/zemmour-balance-lincroyable-conversation-quil-a-eue-avec-macron-sur-limmigration\/\" \/>\n<meta property=\"og:site_name\" content=\"# WEBTUBE.fr\" \/>\n<meta property=\"article:publisher\" content=\"https:\/\/www.facebook.com\/profile.php?id=100069673161887\" \/>\n<meta property=\"article:published_time\" content=\"2021-09-10T17:33:43+00:00\" \/>\n<meta property=\"og:image\" content=\"https:\/\/www.fdesouche.com\/wp-content\/uploads\/2021\/09\/Zemmour_Macron2-768x432-1.jpg\" \/>\n<meta name=\"author\" content=\"admin5851\" \/>\n<meta name=\"twitter:card\" content=\"summary_large_image\" \/>\n<meta name=\"twitter:creator\" content=\"@OrtfNews\" \/>\n<meta name=\"twitter:site\" content=\"@OrtfNews\" \/>\n<meta name=\"twitter:label1\" content=\"\u00c9crit par\" \/>\n\t<meta name=\"twitter:data1\" content=\"admin5851\" \/>\n\t<meta name=\"twitter:label2\" content=\"Dur\u00e9e de lecture estim\u00e9e\" \/>\n\t<meta name=\"twitter:data2\" content=\"3 minutes\" \/>\n<script type=\"application\/ld+json\" class=\"yoast-schema-graph\">{\"@context\":\"https:\\\/\\\/schema.org\",\"@graph\":[{\"@type\":\"Article\",\"@id\":\"https:\\\/\\\/webtube.fr\\\/index.php\\\/2021\\\/09\\\/10\\\/zemmour-balance-lincroyable-conversation-quil-a-eue-avec-macron-sur-limmigration\\\/#article\",\"isPartOf\":{\"@id\":\"https:\\\/\\\/webtube.fr\\\/index.php\\\/2021\\\/09\\\/10\\\/zemmour-balance-lincroyable-conversation-quil-a-eue-avec-macron-sur-limmigration\\\/\"},\"author\":{\"name\":\"admin5851\",\"@id\":\"https:\\\/\\\/webtube.fr\\\/#\\\/schema\\\/person\\\/dcc633686e0e2a79a6bf7b92c9507618\"},\"headline\":\"Zemmour balance l\u2019incroyable conversation qu\u2019il a eue avec Macron sur l\u2019immigration\",\"datePublished\":\"2021-09-10T17:33:43+00:00\",\"mainEntityOfPage\":{\"@id\":\"https:\\\/\\\/webtube.fr\\\/index.php\\\/2021\\\/09\\\/10\\\/zemmour-balance-lincroyable-conversation-quil-a-eue-avec-macron-sur-limmigration\\\/\"},\"wordCount\":431,\"commentCount\":0,\"publisher\":{\"@id\":\"https:\\\/\\\/webtube.fr\\\/#organization\"},\"image\":{\"@id\":\"https:\\\/\\\/webtube.fr\\\/index.php\\\/2021\\\/09\\\/10\\\/zemmour-balance-lincroyable-conversation-quil-a-eue-avec-macron-sur-limmigration\\\/#primaryimage\"},\"thumbnailUrl\":\"https:\\\/\\\/www.fdesouche.com\\\/wp-content\\\/uploads\\\/2021\\\/09\\\/Zemmour_Macron2-768x432-1.jpg\",\"inLanguage\":\"fr-FR\",\"potentialAction\":[{\"@type\":\"CommentAction\",\"name\":\"Comment\",\"target\":[\"https:\\\/\\\/webtube.fr\\\/index.php\\\/2021\\\/09\\\/10\\\/zemmour-balance-lincroyable-conversation-quil-a-eue-avec-macron-sur-limmigration\\\/#respond\"]}]},{\"@type\":\"WebPage\",\"@id\":\"https:\\\/\\\/webtube.fr\\\/index.php\\\/2021\\\/09\\\/10\\\/zemmour-balance-lincroyable-conversation-quil-a-eue-avec-macron-sur-limmigration\\\/\",\"url\":\"https:\\\/\\\/webtube.fr\\\/index.php\\\/2021\\\/09\\\/10\\\/zemmour-balance-lincroyable-conversation-quil-a-eue-avec-macron-sur-limmigration\\\/\",\"name\":\"Zemmour balance l\u2019incroyable conversation qu\u2019il a eue avec Macron sur l\u2019immigration - # WEBTUBE.fr\",\"isPartOf\":{\"@id\":\"https:\\\/\\\/webtube.fr\\\/#website\"},\"primaryImageOfPage\":{\"@id\":\"https:\\\/\\\/webtube.fr\\\/index.php\\\/2021\\\/09\\\/10\\\/zemmour-balance-lincroyable-conversation-quil-a-eue-avec-macron-sur-limmigration\\\/#primaryimage\"},\"image\":{\"@id\":\"https:\\\/\\\/webtube.fr\\\/index.php\\\/2021\\\/09\\\/10\\\/zemmour-balance-lincroyable-conversation-quil-a-eue-avec-macron-sur-limmigration\\\/#primaryimage\"},\"thumbnailUrl\":\"https:\\\/\\\/www.fdesouche.com\\\/wp-content\\\/uploads\\\/2021\\\/09\\\/Zemmour_Macron2-768x432-1.jpg\",\"datePublished\":\"2021-09-10T17:33:43+00:00\",\"breadcrumb\":{\"@id\":\"https:\\\/\\\/webtube.fr\\\/index.php\\\/2021\\\/09\\\/10\\\/zemmour-balance-lincroyable-conversation-quil-a-eue-avec-macron-sur-limmigration\\\/#breadcrumb\"},\"inLanguage\":\"fr-FR\",\"potentialAction\":[{\"@type\":\"ReadAction\",\"target\":[\"https:\\\/\\\/webtube.fr\\\/index.php\\\/2021\\\/09\\\/10\\\/zemmour-balance-lincroyable-conversation-quil-a-eue-avec-macron-sur-limmigration\\\/\"]}]},{\"@type\":\"ImageObject\",\"inLanguage\":\"fr-FR\",\"@id\":\"https:\\\/\\\/webtube.fr\\\/index.php\\\/2021\\\/09\\\/10\\\/zemmour-balance-lincroyable-conversation-quil-a-eue-avec-macron-sur-limmigration\\\/#primaryimage\",\"url\":\"https:\\\/\\\/www.fdesouche.com\\\/wp-content\\\/uploads\\\/2021\\\/09\\\/Zemmour_Macron2-768x432-1.jpg\",\"contentUrl\":\"https:\\\/\\\/www.fdesouche.com\\\/wp-content\\\/uploads\\\/2021\\\/09\\\/Zemmour_Macron2-768x432-1.jpg\"},{\"@type\":\"BreadcrumbList\",\"@id\":\"https:\\\/\\\/webtube.fr\\\/index.php\\\/2021\\\/09\\\/10\\\/zemmour-balance-lincroyable-conversation-quil-a-eue-avec-macron-sur-limmigration\\\/#breadcrumb\",\"itemListElement\":[{\"@type\":\"ListItem\",\"position\":1,\"name\":\"Accueil\",\"item\":\"https:\\\/\\\/webtube.fr\\\/\"},{\"@type\":\"ListItem\",\"position\":2,\"name\":\"Zemmour balance l\u2019incroyable conversation qu\u2019il a eue avec Macron sur l\u2019immigration\"}]},{\"@type\":\"WebSite\",\"@id\":\"https:\\\/\\\/webtube.fr\\\/#website\",\"url\":\"https:\\\/\\\/webtube.fr\\\/\",\"name\":\"WEBTUBE\",\"description\":\"WEBTUBE.fr  Streaming Vid\u00e9o and News , toutes les infos sans filtres !\",\"publisher\":{\"@id\":\"https:\\\/\\\/webtube.fr\\\/#organization\"},\"alternateName\":\"Rutube\",\"potentialAction\":[{\"@type\":\"SearchAction\",\"target\":{\"@type\":\"EntryPoint\",\"urlTemplate\":\"https:\\\/\\\/webtube.fr\\\/?s={search_term_string}\"},\"query-input\":{\"@type\":\"PropertyValueSpecification\",\"valueRequired\":true,\"valueName\":\"search_term_string\"}}],\"inLanguage\":\"fr-FR\"},{\"@type\":\"Organization\",\"@id\":\"https:\\\/\\\/webtube.fr\\\/#organization\",\"name\":\"# WEBTUBE.fr\",\"url\":\"https:\\\/\\\/webtube.fr\\\/\",\"logo\":{\"@type\":\"ImageObject\",\"inLanguage\":\"fr-FR\",\"@id\":\"https:\\\/\\\/webtube.fr\\\/#\\\/schema\\\/logo\\\/image\\\/\",\"url\":\"https:\\\/\\\/webtube.fr\\\/wp-content\\\/uploads\\\/2025\\\/09\\\/cropped-Logo_webtubeIA-1.jpg\",\"contentUrl\":\"https:\\\/\\\/webtube.fr\\\/wp-content\\\/uploads\\\/2025\\\/09\\\/cropped-Logo_webtubeIA-1.jpg\",\"width\":240,\"height\":240,\"caption\":\"# WEBTUBE.fr\"},\"image\":{\"@id\":\"https:\\\/\\\/webtube.fr\\\/#\\\/schema\\\/logo\\\/image\\\/\"},\"sameAs\":[\"https:\\\/\\\/www.facebook.com\\\/profile.php?id=100069673161887\",\"https:\\\/\\\/x.com\\\/OrtfNews\",\"https:\\\/\\\/www.facebook.com\\\/profile.php?id=100013751440523\"]},{\"@type\":\"Person\",\"@id\":\"https:\\\/\\\/webtube.fr\\\/#\\\/schema\\\/person\\\/dcc633686e0e2a79a6bf7b92c9507618\",\"name\":\"admin5851\",\"image\":{\"@type\":\"ImageObject\",\"inLanguage\":\"fr-FR\",\"@id\":\"https:\\\/\\\/secure.gravatar.com\\\/avatar\\\/ea1b672a827879c0febb022a108a871292b3d08fadc66a0a43fa47acfe82e38a?s=96&d=mm&r=g\",\"url\":\"https:\\\/\\\/secure.gravatar.com\\\/avatar\\\/ea1b672a827879c0febb022a108a871292b3d08fadc66a0a43fa47acfe82e38a?s=96&d=mm&r=g\",\"contentUrl\":\"https:\\\/\\\/secure.gravatar.com\\\/avatar\\\/ea1b672a827879c0febb022a108a871292b3d08fadc66a0a43fa47acfe82e38a?s=96&d=mm&r=g\",\"caption\":\"admin5851\"},\"sameAs\":[\"http:\\\/\\\/linlcju.cluster100.hosting.ovh.net\"],\"url\":\"https:\\\/\\\/webtube.fr\\\/index.php\\\/author\\\/admin5851\\\/\"}]}<\/script>\n<!-- \/ Yoast SEO plugin. -->","yoast_head_json":{"title":"Zemmour balance l\u2019incroyable conversation qu\u2019il a eue avec Macron sur l\u2019immigration - # WEBTUBE.fr","robots":{"index":"index","follow":"follow","max-snippet":"max-snippet:-1","max-image-preview":"max-image-preview:large","max-video-preview":"max-video-preview:-1"},"canonical":"https:\/\/webtube.fr\/index.php\/2021\/09\/10\/zemmour-balance-lincroyable-conversation-quil-a-eue-avec-macron-sur-limmigration\/","og_locale":"fr_FR","og_type":"article","og_title":"Zemmour balance l\u2019incroyable conversation qu\u2019il a eue avec Macron sur l\u2019immigration - # WEBTUBE.fr","og_description":"Articles\u00a0: Sept 2021 &#8211; Aout 2021 &#8211; Juil.2021 &#8211; Juin 2021 &#8211; Mai 2021 &#8211; Avr. 2021 (\u2026) \u00c9ric Zemmour raconte aussi pour la premi\u00e8re fois sa conversation avec Emmanuel Macron. Apr\u00e8s son agression verbale film\u00e9e et diffus\u00e9e sur les r\u00e9seaux sociaux, le pr\u00e9sident de la R\u00e9publique l\u2019a appel\u00e9. Pendant plus de \u00adquarante-cinq minutes les &hellip; Continuer la lecture de &laquo;&nbsp;Zemmour balance l\u2019incroyable conversation qu\u2019il a eue avec Macron sur l\u2019immigration&nbsp;&raquo;","og_url":"https:\/\/webtube.fr\/index.php\/2021\/09\/10\/zemmour-balance-lincroyable-conversation-quil-a-eue-avec-macron-sur-limmigration\/","og_site_name":"# WEBTUBE.fr","article_publisher":"https:\/\/www.facebook.com\/profile.php?id=100069673161887","article_published_time":"2021-09-10T17:33:43+00:00","og_image":[{"url":"https:\/\/www.fdesouche.com\/wp-content\/uploads\/2021\/09\/Zemmour_Macron2-768x432-1.jpg","type":"","width":"","height":""}],"author":"admin5851","twitter_card":"summary_large_image","twitter_creator":"@OrtfNews","twitter_site":"@OrtfNews","twitter_misc":{"\u00c9crit par":"admin5851","Dur\u00e9e de lecture estim\u00e9e":"3 minutes"},"schema":{"@context":"https:\/\/schema.org","@graph":[{"@type":"Article","@id":"https:\/\/webtube.fr\/index.php\/2021\/09\/10\/zemmour-balance-lincroyable-conversation-quil-a-eue-avec-macron-sur-limmigration\/#article","isPartOf":{"@id":"https:\/\/webtube.fr\/index.php\/2021\/09\/10\/zemmour-balance-lincroyable-conversation-quil-a-eue-avec-macron-sur-limmigration\/"},"author":{"name":"admin5851","@id":"https:\/\/webtube.fr\/#\/schema\/person\/dcc633686e0e2a79a6bf7b92c9507618"},"headline":"Zemmour balance l\u2019incroyable conversation qu\u2019il a eue avec Macron sur l\u2019immigration","datePublished":"2021-09-10T17:33:43+00:00","mainEntityOfPage":{"@id":"https:\/\/webtube.fr\/index.php\/2021\/09\/10\/zemmour-balance-lincroyable-conversation-quil-a-eue-avec-macron-sur-limmigration\/"},"wordCount":431,"commentCount":0,"publisher":{"@id":"https:\/\/webtube.fr\/#organization"},"image":{"@id":"https:\/\/webtube.fr\/index.php\/2021\/09\/10\/zemmour-balance-lincroyable-conversation-quil-a-eue-avec-macron-sur-limmigration\/#primaryimage"},"thumbnailUrl":"https:\/\/www.fdesouche.com\/wp-content\/uploads\/2021\/09\/Zemmour_Macron2-768x432-1.jpg","inLanguage":"fr-FR","potentialAction":[{"@type":"CommentAction","name":"Comment","target":["https:\/\/webtube.fr\/index.php\/2021\/09\/10\/zemmour-balance-lincroyable-conversation-quil-a-eue-avec-macron-sur-limmigration\/#respond"]}]},{"@type":"WebPage","@id":"https:\/\/webtube.fr\/index.php\/2021\/09\/10\/zemmour-balance-lincroyable-conversation-quil-a-eue-avec-macron-sur-limmigration\/","url":"https:\/\/webtube.fr\/index.php\/2021\/09\/10\/zemmour-balance-lincroyable-conversation-quil-a-eue-avec-macron-sur-limmigration\/","name":"Zemmour balance l\u2019incroyable conversation qu\u2019il a eue avec Macron sur l\u2019immigration - # WEBTUBE.fr","isPartOf":{"@id":"https:\/\/webtube.fr\/#website"},"primaryImageOfPage":{"@id":"https:\/\/webtube.fr\/index.php\/2021\/09\/10\/zemmour-balance-lincroyable-conversation-quil-a-eue-avec-macron-sur-limmigration\/#primaryimage"},"image":{"@id":"https:\/\/webtube.fr\/index.php\/2021\/09\/10\/zemmour-balance-lincroyable-conversation-quil-a-eue-avec-macron-sur-limmigration\/#primaryimage"},"thumbnailUrl":"https:\/\/www.fdesouche.com\/wp-content\/uploads\/2021\/09\/Zemmour_Macron2-768x432-1.jpg","datePublished":"2021-09-10T17:33:43+00:00","breadcrumb":{"@id":"https:\/\/webtube.fr\/index.php\/2021\/09\/10\/zemmour-balance-lincroyable-conversation-quil-a-eue-avec-macron-sur-limmigration\/#breadcrumb"},"inLanguage":"fr-FR","potentialAction":[{"@type":"ReadAction","target":["https:\/\/webtube.fr\/index.php\/2021\/09\/10\/zemmour-balance-lincroyable-conversation-quil-a-eue-avec-macron-sur-limmigration\/"]}]},{"@type":"ImageObject","inLanguage":"fr-FR","@id":"https:\/\/webtube.fr\/index.php\/2021\/09\/10\/zemmour-balance-lincroyable-conversation-quil-a-eue-avec-macron-sur-limmigration\/#primaryimage","url":"https:\/\/www.fdesouche.com\/wp-content\/uploads\/2021\/09\/Zemmour_Macron2-768x432-1.jpg","contentUrl":"https:\/\/www.fdesouche.com\/wp-content\/uploads\/2021\/09\/Zemmour_Macron2-768x432-1.jpg"},{"@type":"BreadcrumbList","@id":"https:\/\/webtube.fr\/index.php\/2021\/09\/10\/zemmour-balance-lincroyable-conversation-quil-a-eue-avec-macron-sur-limmigration\/#breadcrumb","itemListElement":[{"@type":"ListItem","position":1,"name":"Accueil","item":"https:\/\/webtube.fr\/"},{"@type":"ListItem","position":2,"name":"Zemmour balance l\u2019incroyable conversation qu\u2019il a eue avec Macron sur l\u2019immigration"}]},{"@type":"WebSite","@id":"https:\/\/webtube.fr\/#website","url":"https:\/\/webtube.fr\/","name":"WEBTUBE","description":"WEBTUBE.fr  Streaming Vid\u00e9o and News , toutes les infos sans filtres !","publisher":{"@id":"https:\/\/webtube.fr\/#organization"},"alternateName":"Rutube","potentialAction":[{"@type":"SearchAction","target":{"@type":"EntryPoint","urlTemplate":"https:\/\/webtube.fr\/?s={search_term_string}"},"query-input":{"@type":"PropertyValueSpecification","valueRequired":true,"valueName":"search_term_string"}}],"inLanguage":"fr-FR"},{"@type":"Organization","@id":"https:\/\/webtube.fr\/#organization","name":"# WEBTUBE.fr","url":"https:\/\/webtube.fr\/","logo":{"@type":"ImageObject","inLanguage":"fr-FR","@id":"https:\/\/webtube.fr\/#\/schema\/logo\/image\/","url":"https:\/\/webtube.fr\/wp-content\/uploads\/2025\/09\/cropped-Logo_webtubeIA-1.jpg","contentUrl":"https:\/\/webtube.fr\/wp-content\/uploads\/2025\/09\/cropped-Logo_webtubeIA-1.jpg","width":240,"height":240,"caption":"# WEBTUBE.fr"},"image":{"@id":"https:\/\/webtube.fr\/#\/schema\/logo\/image\/"},"sameAs":["https:\/\/www.facebook.com\/profile.php?id=100069673161887","https:\/\/x.com\/OrtfNews","https:\/\/www.facebook.com\/profile.php?id=100013751440523"]},{"@type":"Person","@id":"https:\/\/webtube.fr\/#\/schema\/person\/dcc633686e0e2a79a6bf7b92c9507618","name":"admin5851","image":{"@type":"ImageObject","inLanguage":"fr-FR","@id":"https:\/\/secure.gravatar.com\/avatar\/ea1b672a827879c0febb022a108a871292b3d08fadc66a0a43fa47acfe82e38a?s=96&d=mm&r=g","url":"https:\/\/secure.gravatar.com\/avatar\/ea1b672a827879c0febb022a108a871292b3d08fadc66a0a43fa47acfe82e38a?s=96&d=mm&r=g","contentUrl":"https:\/\/secure.gravatar.com\/avatar\/ea1b672a827879c0febb022a108a871292b3d08fadc66a0a43fa47acfe82e38a?s=96&d=mm&r=g","caption":"admin5851"},"sameAs":["http:\/\/linlcju.cluster100.hosting.ovh.net"],"url":"https:\/\/webtube.fr\/index.php\/author\/admin5851\/"}]}},"jetpack_featured_media_url":"","jetpack_sharing_enabled":true,"_links":{"self":[{"href":"https:\/\/webtube.fr\/index.php\/wp-json\/wp\/v2\/posts\/12803","targetHints":{"allow":["GET"]}}],"collection":[{"href":"https:\/\/webtube.fr\/index.php\/wp-json\/wp\/v2\/posts"}],"about":[{"href":"https:\/\/webtube.fr\/index.php\/wp-json\/wp\/v2\/types\/post"}],"author":[{"embeddable":true,"href":"https:\/\/webtube.fr\/index.php\/wp-json\/wp\/v2\/users\/1"}],"replies":[{"embeddable":true,"href":"https:\/\/webtube.fr\/index.php\/wp-json\/wp\/v2\/comments?post=12803"}],"version-history":[{"count":0,"href":"https:\/\/webtube.fr\/index.php\/wp-json\/wp\/v2\/posts\/12803\/revisions"}],"wp:attachment":[{"href":"https:\/\/webtube.fr\/index.php\/wp-json\/wp\/v2\/media?parent=12803"}],"wp:term":[{"taxonomy":"category","embeddable":true,"href":"https:\/\/webtube.fr\/index.php\/wp-json\/wp\/v2\/categories?post=12803"},{"taxonomy":"post_tag","embeddable":true,"href":"https:\/\/webtube.fr\/index.php\/wp-json\/wp\/v2\/tags?post=12803"}],"curies":[{"name":"wp","href":"https:\/\/api.w.org\/{rel}","templated":true}]}}