{"id":12339,"date":"2021-08-17T05:50:26","date_gmt":"2021-08-17T03:50:26","guid":{"rendered":"http:\/\/rutube.fr\/?p=12339"},"modified":"2021-08-17T05:50:26","modified_gmt":"2021-08-17T03:50:26","slug":"election-de-biden-et-retour-des-talibans","status":"publish","type":"post","link":"https:\/\/webtube.fr\/index.php\/2021\/08\/17\/election-de-biden-et-retour-des-talibans\/","title":{"rendered":"Election de Biden et retour des Talibans"},"content":{"rendered":"\n<figure><iframe loading=\"lazy\" width=\"800\" height=\"200\" src=\"http:\/\/www.weboomedia.fr\/RutubeStreaming1.htm\" frameborder=\"N\" scrolling=\"no\"><\/iframe><\/figure>\n\n\n\n<p>Articles\u00a0: <a href=\"http:\/\/rutube.fr\/2021\/08\/\" target=\"_blank\" rel=\"noreferrer noopener\">Aout 2021 &#8211;<\/a> <a href=\"http:\/\/rutube.fr\/2021\/07\/\" target=\"_blank\" rel=\"noreferrer noopener\">Juil.2021 &#8211;<\/a> <a href=\"http:\/\/rutube.fr\/2021\/06\/\">Juin 2021<\/a> &#8211; <a href=\"http:\/\/rutube.fr\/2021\/05\/\" target=\"_blank\" rel=\"noreferrer noopener\">Mai 2021<\/a> &#8211; <a href=\"http:\/\/rutube.fr\/2021\/04\/\" target=\"_blank\" rel=\"noreferrer noopener\">Avr. 2021<\/a> \u2013 <a href=\"http:\/\/rutube.fr\/2021\/03\/\" target=\"_blank\" rel=\"noreferrer noopener\">Mar.2021<\/a><\/p>\n\n\n\n<figure class=\"wp-block-image size-large\"><img decoding=\"async\" src=\"https:\/\/ripostelaique.com\/wp-content\/uploads\/2020\/09\/BidenBoutef2.jpg\" alt=\"\"\/><\/figure>\n\n\n\n<p>Les talibans ont donc repris le pouvoir en Afghanistan. Il ne leur reste plus qu\u2019\u00e0 s\u2019emparer de Kaboul (un paradis pour les hippies fumeurs de joints dans les ann\u00e9es 70, \u00e7a para\u00eet vraiment tr\u00e8s loin), cela ne saurait tarder.<\/p>\n\n\n\n<p>On aurait pu supposer qu\u2019apr\u00e8s la d\u00e9faite s\u00e8che et rapide de 2001, leur sort \u00e9tait r\u00e9gl\u00e9. Mais non, ils ont su prendre leur mal en patience et profiter du retrait de l\u2019otan (retrait progressif ayant commenc\u00e9 en 2014) et celui des Etats-unis aujourd\u2019hui. Sans ces deux supports ext\u00e9rieurs, ce pays retourne imm\u00e9diatement vers l\u2019islam le plus radical. Pr\u00e9visible h\u00e9las.<\/p>\n\n\n\n<p>Je ne suis pas partisan g\u00e9n\u00e9ralement des interventions ext\u00e9rieures de l\u2019occident en terre d\u2019islam, elles sont souvent motiv\u00e9es par des raisons douteuses: les path\u00e9tiques invasions de l\u2019Irak en 2003 et de la Libye en 2011 se sont sold\u00e9es par des \u00e9checs piteux n\u2019ayant ni \u00e9tabli la d\u00e9mocratie, ni affaibli les islamistes.<\/p>\n\n\n\n<p>N\u00e9anmoins il fallait reconna\u00eetre une vraie logique \u00e0 l\u2019attaque du r\u00e9gime des talibans en 2001, elle n\u2019avait d\u2019ailleurs pas essuy\u00e9 beaucoup de critiques \u00e0 l\u2019\u00e9poque. Premi\u00e8rement le r\u00e9gime \u00e9tait \u00e9pouvantable tirant vers l\u2019absurde (la destruction des bouddhas, un monument de b\u00eatise), mais bon ce n\u2019est pas suffisant. Deuxi\u00e8mement il avait abrit\u00e9 ceux qui avaient foment\u00e9 les attentats du 11 septembre 2001 et refusaient de les livrer. Le r\u00e9gime avait donc \u00e9t\u00e9 renvers\u00e9 en quelques semaines et l\u2019Afghanistan avait alors sembl\u00e9 respirer un peu mieux, sortant d\u2019un coma.<\/p>\n\n\n\n<p>Et bien cela \u00e9tait artificiel, les talibans n\u2019avaient perdu que militairement, la talibanisation des esprits n\u2019ayant pas cess\u00e9. L\u2019islam restant l\u2019islam quand il est appliqu\u00e9 en int\u00e9gralit\u00e9.<\/p>\n\n\n\n<p>Malgr\u00e9 tout cela, ce n\u2019est pas un hasard si la reprise du pouvoir s\u2019effectue sous la pr\u00e9sence de Biden, chef d\u2019\u00e9tat incapable d\u2019inspirer le respect ou la crainte \u00e0 des guerriers b\u00e9n\u00e9ficiant pourtant d\u2019armements de qualit\u00e9 nettement inf\u00e9rieure \u00e0 celle de l\u2019arm\u00e9e am\u00e9ricaine, arm\u00e9e somm\u00e9e de se retirer et de laisser le champ libre aux talibans. Biden est un l\u00e2che qui fuit devant le danger.<\/p>\n\n\n\n<p>Vous avez voulu Biden, vous avez le retour des talibans c\u2019\u00e9tait compris \u00e0 plus ou moins long terme. Pas de couille chez le chef du \u00abcamp du bien\u00bb, donc triomphe des islamistes qui commence en Orient mais cela peut arriver jusqu\u2019\u00e0 chez nous.<\/p>\n\n\n\n<p>Je vois que Donald Trump demande la d\u00e9mission de Biden. C\u2019est bien le minimum mais cela n\u2019arrivera pas car quand on leur force pas la main, seuls les hommes d\u2019honneur le font&nbsp;(g\u00e9n\u00e9ral de Gaulle, Chev\u00e8nement).<\/p>\n\n\n\n<p>Voil\u00e0 le mandat de Biden est lanc\u00e9. Un petit coup de black lives matters pour effacer le tout et \u00e7a repartira.<\/p>\n\n\n\n<p><strong>Platon du Vercors<\/strong>, Riposte La\u00efque<\/p>\n\n\n\n<figure><iframe loading=\"lazy\" width=\"800\" height=\"200\" src=\"http:\/\/www.weboomedia.fr\/RutubeStreaming1.htm\" frameborder=\"N\" scrolling=\"no\"><\/iframe><\/figure>\n<!-- ADDFREESTATS.COM AUTOCODE V4.0 -->\n<script type=\"text\/javascript\">\n<!--\nvar AFS_Account=\"00636949\";\nvar AFS_Tracker=\"auto\";\nvar AFS_Server=\"www6\";\nvar AFS_Page=\"DetectName\";\nvar AFS_Url=\"DetectUrl\";\n\/\/ -->\n<\/script>\n<script type=\"text\/javascript\" src=\"http:\/\/www6.addfreestats.com\/cgi-bin\/afstrack.cgi?usr=00636949\">\n<\/script>\n<noscript>\n<a href=\"http:\/\/www.addfreestats.com\">\n<img decoding=\"async\" src=\"http:\/\/www6.addfreestats.com\/cgi-bin\/connect.cgi?usr=00636949Pauto\" border=\"0\" alt=\"AddFreeStats.com Free Web Stats!\">Web Stats<\/a>\n<\/noscript>\n\n<!-- ENDADDFREESTATS.COM AUTOCODE V4.0  \u2192\n","protected":false},"excerpt":{"rendered":"<p>Articles\u00a0: Aout 2021 &#8211; Juil.2021 &#8211; Juin 2021 &#8211; Mai 2021 &#8211; Avr. 2021 \u2013 Mar.2021 Les talibans ont donc repris le pouvoir en Afghanistan. Il ne leur reste plus qu\u2019\u00e0 s\u2019emparer de Kaboul (un paradis pour les hippies fumeurs de joints dans les ann\u00e9es 70, \u00e7a para\u00eet vraiment tr\u00e8s loin), cela ne saurait tarder. &hellip; <a href=\"https:\/\/webtube.fr\/index.php\/2021\/08\/17\/election-de-biden-et-retour-des-talibans\/\" class=\"more-link\">Continuer la lecture<span class=\"screen-reader-text\"> de &laquo;&nbsp;Election de Biden et retour des Talibans&nbsp;&raquo;<\/span><\/a><\/p>\n","protected":false},"author":1,"featured_media":0,"comment_status":"open","ping_status":"open","sticky":false,"template":"","format":"standard","meta":{"_jetpack_memberships_contains_paid_content":false,"footnotes":""},"categories":[2],"tags":[],"class_list":["post-12339","post","type-post","status-publish","format-standard","hentry","category-non-classe"],"yoast_head":"<!-- This site is optimized with the Yoast SEO plugin v27.3 - https:\/\/yoast.com\/product\/yoast-seo-wordpress\/ -->\n<title>Election de Biden et retour des Talibans - # WEBTUBE.fr<\/title>\n<meta name=\"robots\" content=\"index, follow, max-snippet:-1, max-image-preview:large, max-video-preview:-1\" \/>\n<link rel=\"canonical\" href=\"https:\/\/webtube.fr\/index.php\/2021\/08\/17\/election-de-biden-et-retour-des-talibans\/\" \/>\n<meta property=\"og:locale\" content=\"fr_FR\" \/>\n<meta property=\"og:type\" content=\"article\" \/>\n<meta property=\"og:title\" content=\"Election de Biden et retour des Talibans - # WEBTUBE.fr\" \/>\n<meta property=\"og:description\" content=\"Articles\u00a0: Aout 2021 &#8211; Juil.2021 &#8211; Juin 2021 &#8211; Mai 2021 &#8211; Avr. 2021 \u2013 Mar.2021 Les talibans ont donc repris le pouvoir en Afghanistan. Il ne leur reste plus qu\u2019\u00e0 s\u2019emparer de Kaboul (un paradis pour les hippies fumeurs de joints dans les ann\u00e9es 70, \u00e7a para\u00eet vraiment tr\u00e8s loin), cela ne saurait tarder. &hellip; Continuer la lecture de &laquo;&nbsp;Election de Biden et retour des Talibans&nbsp;&raquo;\" \/>\n<meta property=\"og:url\" content=\"https:\/\/webtube.fr\/index.php\/2021\/08\/17\/election-de-biden-et-retour-des-talibans\/\" \/>\n<meta property=\"og:site_name\" content=\"# WEBTUBE.fr\" \/>\n<meta property=\"article:publisher\" content=\"https:\/\/www.facebook.com\/profile.php?id=100069673161887\" \/>\n<meta property=\"article:published_time\" content=\"2021-08-17T03:50:26+00:00\" \/>\n<meta property=\"og:image\" content=\"https:\/\/ripostelaique.com\/wp-content\/uploads\/2020\/09\/BidenBoutef2.jpg\" \/>\n<meta name=\"author\" content=\"admin5851\" \/>\n<meta name=\"twitter:card\" content=\"summary_large_image\" \/>\n<meta name=\"twitter:creator\" content=\"@OrtfNews\" \/>\n<meta name=\"twitter:site\" content=\"@OrtfNews\" \/>\n<meta name=\"twitter:label1\" content=\"\u00c9crit par\" \/>\n\t<meta name=\"twitter:data1\" content=\"admin5851\" \/>\n\t<meta name=\"twitter:label2\" content=\"Dur\u00e9e de lecture estim\u00e9e\" \/>\n\t<meta name=\"twitter:data2\" content=\"3 minutes\" \/>\n<script type=\"application\/ld+json\" class=\"yoast-schema-graph\">{\"@context\":\"https:\\\/\\\/schema.org\",\"@graph\":[{\"@type\":\"Article\",\"@id\":\"https:\\\/\\\/webtube.fr\\\/index.php\\\/2021\\\/08\\\/17\\\/election-de-biden-et-retour-des-talibans\\\/#article\",\"isPartOf\":{\"@id\":\"https:\\\/\\\/webtube.fr\\\/index.php\\\/2021\\\/08\\\/17\\\/election-de-biden-et-retour-des-talibans\\\/\"},\"author\":{\"name\":\"admin5851\",\"@id\":\"https:\\\/\\\/webtube.fr\\\/#\\\/schema\\\/person\\\/dcc633686e0e2a79a6bf7b92c9507618\"},\"headline\":\"Election de Biden et retour des Talibans\",\"datePublished\":\"2021-08-17T03:50:26+00:00\",\"mainEntityOfPage\":{\"@id\":\"https:\\\/\\\/webtube.fr\\\/index.php\\\/2021\\\/08\\\/17\\\/election-de-biden-et-retour-des-talibans\\\/\"},\"wordCount\":513,\"commentCount\":0,\"publisher\":{\"@id\":\"https:\\\/\\\/webtube.fr\\\/#organization\"},\"image\":{\"@id\":\"https:\\\/\\\/webtube.fr\\\/index.php\\\/2021\\\/08\\\/17\\\/election-de-biden-et-retour-des-talibans\\\/#primaryimage\"},\"thumbnailUrl\":\"https:\\\/\\\/ripostelaique.com\\\/wp-content\\\/uploads\\\/2020\\\/09\\\/BidenBoutef2.jpg\",\"inLanguage\":\"fr-FR\",\"potentialAction\":[{\"@type\":\"CommentAction\",\"name\":\"Comment\",\"target\":[\"https:\\\/\\\/webtube.fr\\\/index.php\\\/2021\\\/08\\\/17\\\/election-de-biden-et-retour-des-talibans\\\/#respond\"]}]},{\"@type\":\"WebPage\",\"@id\":\"https:\\\/\\\/webtube.fr\\\/index.php\\\/2021\\\/08\\\/17\\\/election-de-biden-et-retour-des-talibans\\\/\",\"url\":\"https:\\\/\\\/webtube.fr\\\/index.php\\\/2021\\\/08\\\/17\\\/election-de-biden-et-retour-des-talibans\\\/\",\"name\":\"Election de Biden et retour des Talibans - # WEBTUBE.fr\",\"isPartOf\":{\"@id\":\"https:\\\/\\\/webtube.fr\\\/#website\"},\"primaryImageOfPage\":{\"@id\":\"https:\\\/\\\/webtube.fr\\\/index.php\\\/2021\\\/08\\\/17\\\/election-de-biden-et-retour-des-talibans\\\/#primaryimage\"},\"image\":{\"@id\":\"https:\\\/\\\/webtube.fr\\\/index.php\\\/2021\\\/08\\\/17\\\/election-de-biden-et-retour-des-talibans\\\/#primaryimage\"},\"thumbnailUrl\":\"https:\\\/\\\/ripostelaique.com\\\/wp-content\\\/uploads\\\/2020\\\/09\\\/BidenBoutef2.jpg\",\"datePublished\":\"2021-08-17T03:50:26+00:00\",\"breadcrumb\":{\"@id\":\"https:\\\/\\\/webtube.fr\\\/index.php\\\/2021\\\/08\\\/17\\\/election-de-biden-et-retour-des-talibans\\\/#breadcrumb\"},\"inLanguage\":\"fr-FR\",\"potentialAction\":[{\"@type\":\"ReadAction\",\"target\":[\"https:\\\/\\\/webtube.fr\\\/index.php\\\/2021\\\/08\\\/17\\\/election-de-biden-et-retour-des-talibans\\\/\"]}]},{\"@type\":\"ImageObject\",\"inLanguage\":\"fr-FR\",\"@id\":\"https:\\\/\\\/webtube.fr\\\/index.php\\\/2021\\\/08\\\/17\\\/election-de-biden-et-retour-des-talibans\\\/#primaryimage\",\"url\":\"https:\\\/\\\/ripostelaique.com\\\/wp-content\\\/uploads\\\/2020\\\/09\\\/BidenBoutef2.jpg\",\"contentUrl\":\"https:\\\/\\\/ripostelaique.com\\\/wp-content\\\/uploads\\\/2020\\\/09\\\/BidenBoutef2.jpg\"},{\"@type\":\"BreadcrumbList\",\"@id\":\"https:\\\/\\\/webtube.fr\\\/index.php\\\/2021\\\/08\\\/17\\\/election-de-biden-et-retour-des-talibans\\\/#breadcrumb\",\"itemListElement\":[{\"@type\":\"ListItem\",\"position\":1,\"name\":\"Accueil\",\"item\":\"https:\\\/\\\/webtube.fr\\\/\"},{\"@type\":\"ListItem\",\"position\":2,\"name\":\"Election de Biden et retour des Talibans\"}]},{\"@type\":\"WebSite\",\"@id\":\"https:\\\/\\\/webtube.fr\\\/#website\",\"url\":\"https:\\\/\\\/webtube.fr\\\/\",\"name\":\"WEBTUBE\",\"description\":\"WEBTUBE.fr  Streaming Vid\u00e9o and News , toutes les infos sans filtres !\",\"publisher\":{\"@id\":\"https:\\\/\\\/webtube.fr\\\/#organization\"},\"alternateName\":\"Rutube\",\"potentialAction\":[{\"@type\":\"SearchAction\",\"target\":{\"@type\":\"EntryPoint\",\"urlTemplate\":\"https:\\\/\\\/webtube.fr\\\/?s={search_term_string}\"},\"query-input\":{\"@type\":\"PropertyValueSpecification\",\"valueRequired\":true,\"valueName\":\"search_term_string\"}}],\"inLanguage\":\"fr-FR\"},{\"@type\":\"Organization\",\"@id\":\"https:\\\/\\\/webtube.fr\\\/#organization\",\"name\":\"# WEBTUBE.fr\",\"url\":\"https:\\\/\\\/webtube.fr\\\/\",\"logo\":{\"@type\":\"ImageObject\",\"inLanguage\":\"fr-FR\",\"@id\":\"https:\\\/\\\/webtube.fr\\\/#\\\/schema\\\/logo\\\/image\\\/\",\"url\":\"https:\\\/\\\/webtube.fr\\\/wp-content\\\/uploads\\\/2025\\\/09\\\/cropped-Logo_webtubeIA-1.jpg\",\"contentUrl\":\"https:\\\/\\\/webtube.fr\\\/wp-content\\\/uploads\\\/2025\\\/09\\\/cropped-Logo_webtubeIA-1.jpg\",\"width\":240,\"height\":240,\"caption\":\"# WEBTUBE.fr\"},\"image\":{\"@id\":\"https:\\\/\\\/webtube.fr\\\/#\\\/schema\\\/logo\\\/image\\\/\"},\"sameAs\":[\"https:\\\/\\\/www.facebook.com\\\/profile.php?id=100069673161887\",\"https:\\\/\\\/x.com\\\/OrtfNews\",\"https:\\\/\\\/www.facebook.com\\\/profile.php?id=100013751440523\"]},{\"@type\":\"Person\",\"@id\":\"https:\\\/\\\/webtube.fr\\\/#\\\/schema\\\/person\\\/dcc633686e0e2a79a6bf7b92c9507618\",\"name\":\"admin5851\",\"image\":{\"@type\":\"ImageObject\",\"inLanguage\":\"fr-FR\",\"@id\":\"https:\\\/\\\/secure.gravatar.com\\\/avatar\\\/ea1b672a827879c0febb022a108a871292b3d08fadc66a0a43fa47acfe82e38a?s=96&d=mm&r=g\",\"url\":\"https:\\\/\\\/secure.gravatar.com\\\/avatar\\\/ea1b672a827879c0febb022a108a871292b3d08fadc66a0a43fa47acfe82e38a?s=96&d=mm&r=g\",\"contentUrl\":\"https:\\\/\\\/secure.gravatar.com\\\/avatar\\\/ea1b672a827879c0febb022a108a871292b3d08fadc66a0a43fa47acfe82e38a?s=96&d=mm&r=g\",\"caption\":\"admin5851\"},\"sameAs\":[\"http:\\\/\\\/linlcju.cluster100.hosting.ovh.net\"],\"url\":\"https:\\\/\\\/webtube.fr\\\/index.php\\\/author\\\/admin5851\\\/\"}]}<\/script>\n<!-- \/ Yoast SEO plugin. -->","yoast_head_json":{"title":"Election de Biden et retour des Talibans - # WEBTUBE.fr","robots":{"index":"index","follow":"follow","max-snippet":"max-snippet:-1","max-image-preview":"max-image-preview:large","max-video-preview":"max-video-preview:-1"},"canonical":"https:\/\/webtube.fr\/index.php\/2021\/08\/17\/election-de-biden-et-retour-des-talibans\/","og_locale":"fr_FR","og_type":"article","og_title":"Election de Biden et retour des Talibans - # WEBTUBE.fr","og_description":"Articles\u00a0: Aout 2021 &#8211; Juil.2021 &#8211; Juin 2021 &#8211; Mai 2021 &#8211; Avr. 2021 \u2013 Mar.2021 Les talibans ont donc repris le pouvoir en Afghanistan. Il ne leur reste plus qu\u2019\u00e0 s\u2019emparer de Kaboul (un paradis pour les hippies fumeurs de joints dans les ann\u00e9es 70, \u00e7a para\u00eet vraiment tr\u00e8s loin), cela ne saurait tarder. &hellip; Continuer la lecture de &laquo;&nbsp;Election de Biden et retour des Talibans&nbsp;&raquo;","og_url":"https:\/\/webtube.fr\/index.php\/2021\/08\/17\/election-de-biden-et-retour-des-talibans\/","og_site_name":"# WEBTUBE.fr","article_publisher":"https:\/\/www.facebook.com\/profile.php?id=100069673161887","article_published_time":"2021-08-17T03:50:26+00:00","og_image":[{"url":"https:\/\/ripostelaique.com\/wp-content\/uploads\/2020\/09\/BidenBoutef2.jpg","type":"","width":"","height":""}],"author":"admin5851","twitter_card":"summary_large_image","twitter_creator":"@OrtfNews","twitter_site":"@OrtfNews","twitter_misc":{"\u00c9crit par":"admin5851","Dur\u00e9e de lecture estim\u00e9e":"3 minutes"},"schema":{"@context":"https:\/\/schema.org","@graph":[{"@type":"Article","@id":"https:\/\/webtube.fr\/index.php\/2021\/08\/17\/election-de-biden-et-retour-des-talibans\/#article","isPartOf":{"@id":"https:\/\/webtube.fr\/index.php\/2021\/08\/17\/election-de-biden-et-retour-des-talibans\/"},"author":{"name":"admin5851","@id":"https:\/\/webtube.fr\/#\/schema\/person\/dcc633686e0e2a79a6bf7b92c9507618"},"headline":"Election de Biden et retour des Talibans","datePublished":"2021-08-17T03:50:26+00:00","mainEntityOfPage":{"@id":"https:\/\/webtube.fr\/index.php\/2021\/08\/17\/election-de-biden-et-retour-des-talibans\/"},"wordCount":513,"commentCount":0,"publisher":{"@id":"https:\/\/webtube.fr\/#organization"},"image":{"@id":"https:\/\/webtube.fr\/index.php\/2021\/08\/17\/election-de-biden-et-retour-des-talibans\/#primaryimage"},"thumbnailUrl":"https:\/\/ripostelaique.com\/wp-content\/uploads\/2020\/09\/BidenBoutef2.jpg","inLanguage":"fr-FR","potentialAction":[{"@type":"CommentAction","name":"Comment","target":["https:\/\/webtube.fr\/index.php\/2021\/08\/17\/election-de-biden-et-retour-des-talibans\/#respond"]}]},{"@type":"WebPage","@id":"https:\/\/webtube.fr\/index.php\/2021\/08\/17\/election-de-biden-et-retour-des-talibans\/","url":"https:\/\/webtube.fr\/index.php\/2021\/08\/17\/election-de-biden-et-retour-des-talibans\/","name":"Election de Biden et retour des Talibans - # WEBTUBE.fr","isPartOf":{"@id":"https:\/\/webtube.fr\/#website"},"primaryImageOfPage":{"@id":"https:\/\/webtube.fr\/index.php\/2021\/08\/17\/election-de-biden-et-retour-des-talibans\/#primaryimage"},"image":{"@id":"https:\/\/webtube.fr\/index.php\/2021\/08\/17\/election-de-biden-et-retour-des-talibans\/#primaryimage"},"thumbnailUrl":"https:\/\/ripostelaique.com\/wp-content\/uploads\/2020\/09\/BidenBoutef2.jpg","datePublished":"2021-08-17T03:50:26+00:00","breadcrumb":{"@id":"https:\/\/webtube.fr\/index.php\/2021\/08\/17\/election-de-biden-et-retour-des-talibans\/#breadcrumb"},"inLanguage":"fr-FR","potentialAction":[{"@type":"ReadAction","target":["https:\/\/webtube.fr\/index.php\/2021\/08\/17\/election-de-biden-et-retour-des-talibans\/"]}]},{"@type":"ImageObject","inLanguage":"fr-FR","@id":"https:\/\/webtube.fr\/index.php\/2021\/08\/17\/election-de-biden-et-retour-des-talibans\/#primaryimage","url":"https:\/\/ripostelaique.com\/wp-content\/uploads\/2020\/09\/BidenBoutef2.jpg","contentUrl":"https:\/\/ripostelaique.com\/wp-content\/uploads\/2020\/09\/BidenBoutef2.jpg"},{"@type":"BreadcrumbList","@id":"https:\/\/webtube.fr\/index.php\/2021\/08\/17\/election-de-biden-et-retour-des-talibans\/#breadcrumb","itemListElement":[{"@type":"ListItem","position":1,"name":"Accueil","item":"https:\/\/webtube.fr\/"},{"@type":"ListItem","position":2,"name":"Election de Biden et retour des Talibans"}]},{"@type":"WebSite","@id":"https:\/\/webtube.fr\/#website","url":"https:\/\/webtube.fr\/","name":"WEBTUBE","description":"WEBTUBE.fr  Streaming Vid\u00e9o and News , toutes les infos sans filtres !","publisher":{"@id":"https:\/\/webtube.fr\/#organization"},"alternateName":"Rutube","potentialAction":[{"@type":"SearchAction","target":{"@type":"EntryPoint","urlTemplate":"https:\/\/webtube.fr\/?s={search_term_string}"},"query-input":{"@type":"PropertyValueSpecification","valueRequired":true,"valueName":"search_term_string"}}],"inLanguage":"fr-FR"},{"@type":"Organization","@id":"https:\/\/webtube.fr\/#organization","name":"# WEBTUBE.fr","url":"https:\/\/webtube.fr\/","logo":{"@type":"ImageObject","inLanguage":"fr-FR","@id":"https:\/\/webtube.fr\/#\/schema\/logo\/image\/","url":"https:\/\/webtube.fr\/wp-content\/uploads\/2025\/09\/cropped-Logo_webtubeIA-1.jpg","contentUrl":"https:\/\/webtube.fr\/wp-content\/uploads\/2025\/09\/cropped-Logo_webtubeIA-1.jpg","width":240,"height":240,"caption":"# WEBTUBE.fr"},"image":{"@id":"https:\/\/webtube.fr\/#\/schema\/logo\/image\/"},"sameAs":["https:\/\/www.facebook.com\/profile.php?id=100069673161887","https:\/\/x.com\/OrtfNews","https:\/\/www.facebook.com\/profile.php?id=100013751440523"]},{"@type":"Person","@id":"https:\/\/webtube.fr\/#\/schema\/person\/dcc633686e0e2a79a6bf7b92c9507618","name":"admin5851","image":{"@type":"ImageObject","inLanguage":"fr-FR","@id":"https:\/\/secure.gravatar.com\/avatar\/ea1b672a827879c0febb022a108a871292b3d08fadc66a0a43fa47acfe82e38a?s=96&d=mm&r=g","url":"https:\/\/secure.gravatar.com\/avatar\/ea1b672a827879c0febb022a108a871292b3d08fadc66a0a43fa47acfe82e38a?s=96&d=mm&r=g","contentUrl":"https:\/\/secure.gravatar.com\/avatar\/ea1b672a827879c0febb022a108a871292b3d08fadc66a0a43fa47acfe82e38a?s=96&d=mm&r=g","caption":"admin5851"},"sameAs":["http:\/\/linlcju.cluster100.hosting.ovh.net"],"url":"https:\/\/webtube.fr\/index.php\/author\/admin5851\/"}]}},"jetpack_featured_media_url":"","jetpack_sharing_enabled":true,"_links":{"self":[{"href":"https:\/\/webtube.fr\/index.php\/wp-json\/wp\/v2\/posts\/12339","targetHints":{"allow":["GET"]}}],"collection":[{"href":"https:\/\/webtube.fr\/index.php\/wp-json\/wp\/v2\/posts"}],"about":[{"href":"https:\/\/webtube.fr\/index.php\/wp-json\/wp\/v2\/types\/post"}],"author":[{"embeddable":true,"href":"https:\/\/webtube.fr\/index.php\/wp-json\/wp\/v2\/users\/1"}],"replies":[{"embeddable":true,"href":"https:\/\/webtube.fr\/index.php\/wp-json\/wp\/v2\/comments?post=12339"}],"version-history":[{"count":0,"href":"https:\/\/webtube.fr\/index.php\/wp-json\/wp\/v2\/posts\/12339\/revisions"}],"wp:attachment":[{"href":"https:\/\/webtube.fr\/index.php\/wp-json\/wp\/v2\/media?parent=12339"}],"wp:term":[{"taxonomy":"category","embeddable":true,"href":"https:\/\/webtube.fr\/index.php\/wp-json\/wp\/v2\/categories?post=12339"},{"taxonomy":"post_tag","embeddable":true,"href":"https:\/\/webtube.fr\/index.php\/wp-json\/wp\/v2\/tags?post=12339"}],"curies":[{"name":"wp","href":"https:\/\/api.w.org\/{rel}","templated":true}]}}