{"id":12035,"date":"2021-08-01T18:03:14","date_gmt":"2021-08-01T16:03:14","guid":{"rendered":"http:\/\/rutube.fr\/?p=12035"},"modified":"2021-08-01T18:03:14","modified_gmt":"2021-08-01T16:03:14","slug":"florian-philippot-reagit-a-la-manif-anti-pass-sanitaire-sur-bfmtv-01-08-21-13h","status":"publish","type":"post","link":"https:\/\/webtube.fr\/index.php\/2021\/08\/01\/florian-philippot-reagit-a-la-manif-anti-pass-sanitaire-sur-bfmtv-01-08-21-13h\/","title":{"rendered":"Florian Philippot r\u00e9agit \u00e0 la manif anti-Pass Sanitaire sur BFMTV (01\/08\/21, 13h)"},"content":{"rendered":"\n<figure><iframe loading=\"lazy\" width=\"800\" height=\"200\" src=\"http:\/\/www.weboomedia.fr\/RutubeStreaming1.htm\" frameborder=\"N\" scrolling=\"no\"><\/iframe><\/figure>\n\n\n\n<p>Articles&nbsp;: <a href=\"http:\/\/rutube.fr\/2021\/07\/\" target=\"_blank\" rel=\"noreferrer noopener\">Juil.2021 &#8211;<\/a> <a href=\"http:\/\/rutube.fr\/2021\/06\/\">Juin 2021<\/a> &#8211; <a href=\"http:\/\/rutube.fr\/2021\/05\/\" target=\"_blank\" rel=\"noreferrer noopener\">Mai 2021<\/a> &#8211; <a href=\"http:\/\/rutube.fr\/2021\/04\/\" target=\"_blank\" rel=\"noreferrer noopener\">Avr. 2021<\/a> \u2013 <a href=\"http:\/\/rutube.fr\/2021\/03\/\" target=\"_blank\" rel=\"noreferrer noopener\">Mar.2021<\/a> \u2013 <a href=\"http:\/\/rutube.fr\/2021\/02\/\" target=\"_blank\" rel=\"noreferrer noopener\">Fev.202<\/a><a href=\"http:\/\/rutube.fr\/2021\/02\/\">1<\/a><\/p>\n\n\n\n<figure class=\"wp-block-image size-large\"><img decoding=\"async\" src=\"https:\/\/www.breizh-info.com\/wp-content\/uploads\/2021\/08\/nxtvjpy8aog.jpg\" alt=\"\"\/><\/figure>\n\n\n\n<p>Avec BFM TV, on s&rsquo;amuse pendant 15 minutes. Florent Philippot d\u00e9monte les journalistes  les uns apr\u00e8s les autres. BFM TV c&rsquo;est la voix de Macron. On voit tout dans cette video. On aime ou pas M. Philippot mais ici il s&rsquo;en sort tr\u00e8s bien ici. <\/p>\n\n\n\n<p>BFM TV focalise ses reportages sur les d\u00e9bordements de la manifestation du 31 juillet. Seuls 20 personnes sur toute la France ont \u00e9t\u00e9 arr\u00eat\u00e9s alors que plus de 200 000 personnes ont d\u00e9fil\u00e9s. C&rsquo;est lamentable.<\/p>\n\n\n\n<figure class=\"wp-block-embed is-type-video is-provider-youtube wp-block-embed-youtube wp-embed-aspect-16-9 wp-has-aspect-ratio\"><div class=\"wp-block-embed__wrapper\">\n<iframe loading=\"lazy\" title=\"Florian Philippot r\u00e9agit \u00e0 la manif anti-Pass Sanitaire sur BFMTV (01\/08\/21, 13h)\" width=\"840\" height=\"473\" src=\"https:\/\/www.youtube.com\/embed\/NXtvjpY8aOg?feature=oembed\" frameborder=\"0\" allow=\"accelerometer; autoplay; clipboard-write; encrypted-media; gyroscope; picture-in-picture\" allowfullscreen><\/iframe>\n<\/div><\/figure>\n\n\n\n<figure><iframe loading=\"lazy\" width=\"800\" height=\"200\" src=\"http:\/\/www.weboomedia.fr\/RutubeStreaming1.htm\" frameborder=\"N\" scrolling=\"no\"><\/iframe><\/figure>\n<!-- ADDFREESTATS.COM AUTOCODE V4.0 -->\n<script type=\"text\/javascript\">\n<!--\nvar AFS_Account=\"00636949\";\nvar AFS_Tracker=\"auto\";\nvar AFS_Server=\"www6\";\nvar AFS_Page=\"DetectName\";\nvar AFS_Url=\"DetectUrl\";\n\/\/ -->\n<\/script>\n<script type=\"text\/javascript\" src=\"http:\/\/www6.addfreestats.com\/cgi-bin\/afstrack.cgi?usr=00636949\">\n<\/script>\n<noscript>\n<a href=\"http:\/\/www.addfreestats.com\">\n<img decoding=\"async\" src=\"http:\/\/www6.addfreestats.com\/cgi-bin\/connect.cgi?usr=00636949Pauto\" border=\"0\" alt=\"AddFreeStats.com Free Web Stats!\">Web Stats<\/a>\n<\/noscript>\n\n<!-- ENDADDFREESTATS.COM AUTOCODE V4.0  \u2192-->\n","protected":false},"excerpt":{"rendered":"<p>Articles&nbsp;: Juil.2021 &#8211; Juin 2021 &#8211; Mai 2021 &#8211; Avr. 2021 \u2013 Mar.2021 \u2013 Fev.2021 Avec BFM TV, on s&rsquo;amuse pendant 15 minutes. Florent Philippot d\u00e9monte les journalistes les uns apr\u00e8s les autres. BFM TV c&rsquo;est la voix de Macron. On voit tout dans cette video. On aime ou pas M. Philippot mais ici il &hellip; <a href=\"https:\/\/webtube.fr\/index.php\/2021\/08\/01\/florian-philippot-reagit-a-la-manif-anti-pass-sanitaire-sur-bfmtv-01-08-21-13h\/\" class=\"more-link\">Continuer la lecture<span class=\"screen-reader-text\"> de &laquo;&nbsp;Florian Philippot r\u00e9agit \u00e0 la manif anti-Pass Sanitaire sur BFMTV (01\/08\/21, 13h)&nbsp;&raquo;<\/span><\/a><\/p>\n","protected":false},"author":1,"featured_media":0,"comment_status":"open","ping_status":"open","sticky":false,"template":"","format":"standard","meta":{"_jetpack_memberships_contains_paid_content":false,"footnotes":""},"categories":[2],"tags":[],"class_list":["post-12035","post","type-post","status-publish","format-standard","hentry","category-non-classe"],"yoast_head":"<!-- This site is optimized with the Yoast SEO plugin v27.3 - https:\/\/yoast.com\/product\/yoast-seo-wordpress\/ -->\n<title>Florian Philippot r\u00e9agit \u00e0 la manif anti-Pass Sanitaire sur BFMTV (01\/08\/21, 13h) - # WEBTUBE.fr<\/title>\n<meta name=\"robots\" content=\"index, follow, max-snippet:-1, max-image-preview:large, max-video-preview:-1\" \/>\n<link rel=\"canonical\" href=\"https:\/\/webtube.fr\/index.php\/2021\/08\/01\/florian-philippot-reagit-a-la-manif-anti-pass-sanitaire-sur-bfmtv-01-08-21-13h\/\" \/>\n<meta property=\"og:locale\" content=\"fr_FR\" \/>\n<meta property=\"og:type\" content=\"article\" \/>\n<meta property=\"og:title\" content=\"Florian Philippot r\u00e9agit \u00e0 la manif anti-Pass Sanitaire sur BFMTV (01\/08\/21, 13h) - # WEBTUBE.fr\" \/>\n<meta property=\"og:description\" content=\"Articles&nbsp;: Juil.2021 &#8211; Juin 2021 &#8211; Mai 2021 &#8211; Avr. 2021 \u2013 Mar.2021 \u2013 Fev.2021 Avec BFM TV, on s&rsquo;amuse pendant 15 minutes. Florent Philippot d\u00e9monte les journalistes les uns apr\u00e8s les autres. BFM TV c&rsquo;est la voix de Macron. On voit tout dans cette video. On aime ou pas M. Philippot mais ici il &hellip; Continuer la lecture de &laquo;&nbsp;Florian Philippot r\u00e9agit \u00e0 la manif anti-Pass Sanitaire sur BFMTV (01\/08\/21, 13h)&nbsp;&raquo;\" \/>\n<meta property=\"og:url\" content=\"https:\/\/webtube.fr\/index.php\/2021\/08\/01\/florian-philippot-reagit-a-la-manif-anti-pass-sanitaire-sur-bfmtv-01-08-21-13h\/\" \/>\n<meta property=\"og:site_name\" content=\"# WEBTUBE.fr\" \/>\n<meta property=\"article:publisher\" content=\"https:\/\/www.facebook.com\/profile.php?id=100069673161887\" \/>\n<meta property=\"article:published_time\" content=\"2021-08-01T16:03:14+00:00\" \/>\n<meta property=\"og:image\" content=\"https:\/\/www.breizh-info.com\/wp-content\/uploads\/2021\/08\/nxtvjpy8aog.jpg\" \/>\n<meta name=\"author\" content=\"admin5851\" \/>\n<meta name=\"twitter:card\" content=\"summary_large_image\" \/>\n<meta name=\"twitter:creator\" content=\"@OrtfNews\" \/>\n<meta name=\"twitter:site\" content=\"@OrtfNews\" \/>\n<meta name=\"twitter:label1\" content=\"\u00c9crit par\" \/>\n\t<meta name=\"twitter:data1\" content=\"admin5851\" \/>\n\t<meta name=\"twitter:label2\" content=\"Dur\u00e9e de lecture estim\u00e9e\" \/>\n\t<meta name=\"twitter:data2\" content=\"1 minute\" \/>\n<script type=\"application\/ld+json\" class=\"yoast-schema-graph\">{\"@context\":\"https:\\\/\\\/schema.org\",\"@graph\":[{\"@type\":\"Article\",\"@id\":\"https:\\\/\\\/webtube.fr\\\/index.php\\\/2021\\\/08\\\/01\\\/florian-philippot-reagit-a-la-manif-anti-pass-sanitaire-sur-bfmtv-01-08-21-13h\\\/#article\",\"isPartOf\":{\"@id\":\"https:\\\/\\\/webtube.fr\\\/index.php\\\/2021\\\/08\\\/01\\\/florian-philippot-reagit-a-la-manif-anti-pass-sanitaire-sur-bfmtv-01-08-21-13h\\\/\"},\"author\":{\"name\":\"admin5851\",\"@id\":\"https:\\\/\\\/webtube.fr\\\/#\\\/schema\\\/person\\\/dcc633686e0e2a79a6bf7b92c9507618\"},\"headline\":\"Florian Philippot r\u00e9agit \u00e0 la manif anti-Pass Sanitaire sur BFMTV (01\\\/08\\\/21, 13h)\",\"datePublished\":\"2021-08-01T16:03:14+00:00\",\"mainEntityOfPage\":{\"@id\":\"https:\\\/\\\/webtube.fr\\\/index.php\\\/2021\\\/08\\\/01\\\/florian-philippot-reagit-a-la-manif-anti-pass-sanitaire-sur-bfmtv-01-08-21-13h\\\/\"},\"wordCount\":112,\"commentCount\":0,\"publisher\":{\"@id\":\"https:\\\/\\\/webtube.fr\\\/#organization\"},\"image\":{\"@id\":\"https:\\\/\\\/webtube.fr\\\/index.php\\\/2021\\\/08\\\/01\\\/florian-philippot-reagit-a-la-manif-anti-pass-sanitaire-sur-bfmtv-01-08-21-13h\\\/#primaryimage\"},\"thumbnailUrl\":\"https:\\\/\\\/www.breizh-info.com\\\/wp-content\\\/uploads\\\/2021\\\/08\\\/nxtvjpy8aog.jpg\",\"inLanguage\":\"fr-FR\",\"potentialAction\":[{\"@type\":\"CommentAction\",\"name\":\"Comment\",\"target\":[\"https:\\\/\\\/webtube.fr\\\/index.php\\\/2021\\\/08\\\/01\\\/florian-philippot-reagit-a-la-manif-anti-pass-sanitaire-sur-bfmtv-01-08-21-13h\\\/#respond\"]}]},{\"@type\":\"WebPage\",\"@id\":\"https:\\\/\\\/webtube.fr\\\/index.php\\\/2021\\\/08\\\/01\\\/florian-philippot-reagit-a-la-manif-anti-pass-sanitaire-sur-bfmtv-01-08-21-13h\\\/\",\"url\":\"https:\\\/\\\/webtube.fr\\\/index.php\\\/2021\\\/08\\\/01\\\/florian-philippot-reagit-a-la-manif-anti-pass-sanitaire-sur-bfmtv-01-08-21-13h\\\/\",\"name\":\"Florian Philippot r\u00e9agit \u00e0 la manif anti-Pass Sanitaire sur BFMTV (01\\\/08\\\/21, 13h) - # WEBTUBE.fr\",\"isPartOf\":{\"@id\":\"https:\\\/\\\/webtube.fr\\\/#website\"},\"primaryImageOfPage\":{\"@id\":\"https:\\\/\\\/webtube.fr\\\/index.php\\\/2021\\\/08\\\/01\\\/florian-philippot-reagit-a-la-manif-anti-pass-sanitaire-sur-bfmtv-01-08-21-13h\\\/#primaryimage\"},\"image\":{\"@id\":\"https:\\\/\\\/webtube.fr\\\/index.php\\\/2021\\\/08\\\/01\\\/florian-philippot-reagit-a-la-manif-anti-pass-sanitaire-sur-bfmtv-01-08-21-13h\\\/#primaryimage\"},\"thumbnailUrl\":\"https:\\\/\\\/www.breizh-info.com\\\/wp-content\\\/uploads\\\/2021\\\/08\\\/nxtvjpy8aog.jpg\",\"datePublished\":\"2021-08-01T16:03:14+00:00\",\"breadcrumb\":{\"@id\":\"https:\\\/\\\/webtube.fr\\\/index.php\\\/2021\\\/08\\\/01\\\/florian-philippot-reagit-a-la-manif-anti-pass-sanitaire-sur-bfmtv-01-08-21-13h\\\/#breadcrumb\"},\"inLanguage\":\"fr-FR\",\"potentialAction\":[{\"@type\":\"ReadAction\",\"target\":[\"https:\\\/\\\/webtube.fr\\\/index.php\\\/2021\\\/08\\\/01\\\/florian-philippot-reagit-a-la-manif-anti-pass-sanitaire-sur-bfmtv-01-08-21-13h\\\/\"]}]},{\"@type\":\"ImageObject\",\"inLanguage\":\"fr-FR\",\"@id\":\"https:\\\/\\\/webtube.fr\\\/index.php\\\/2021\\\/08\\\/01\\\/florian-philippot-reagit-a-la-manif-anti-pass-sanitaire-sur-bfmtv-01-08-21-13h\\\/#primaryimage\",\"url\":\"https:\\\/\\\/www.breizh-info.com\\\/wp-content\\\/uploads\\\/2021\\\/08\\\/nxtvjpy8aog.jpg\",\"contentUrl\":\"https:\\\/\\\/www.breizh-info.com\\\/wp-content\\\/uploads\\\/2021\\\/08\\\/nxtvjpy8aog.jpg\"},{\"@type\":\"BreadcrumbList\",\"@id\":\"https:\\\/\\\/webtube.fr\\\/index.php\\\/2021\\\/08\\\/01\\\/florian-philippot-reagit-a-la-manif-anti-pass-sanitaire-sur-bfmtv-01-08-21-13h\\\/#breadcrumb\",\"itemListElement\":[{\"@type\":\"ListItem\",\"position\":1,\"name\":\"Accueil\",\"item\":\"https:\\\/\\\/webtube.fr\\\/\"},{\"@type\":\"ListItem\",\"position\":2,\"name\":\"Florian Philippot r\u00e9agit \u00e0 la manif anti-Pass Sanitaire sur BFMTV (01\\\/08\\\/21, 13h)\"}]},{\"@type\":\"WebSite\",\"@id\":\"https:\\\/\\\/webtube.fr\\\/#website\",\"url\":\"https:\\\/\\\/webtube.fr\\\/\",\"name\":\"WEBTUBE\",\"description\":\"WEBTUBE.fr  Streaming Vid\u00e9o and News , toutes les infos sans filtres !\",\"publisher\":{\"@id\":\"https:\\\/\\\/webtube.fr\\\/#organization\"},\"alternateName\":\"Rutube\",\"potentialAction\":[{\"@type\":\"SearchAction\",\"target\":{\"@type\":\"EntryPoint\",\"urlTemplate\":\"https:\\\/\\\/webtube.fr\\\/?s={search_term_string}\"},\"query-input\":{\"@type\":\"PropertyValueSpecification\",\"valueRequired\":true,\"valueName\":\"search_term_string\"}}],\"inLanguage\":\"fr-FR\"},{\"@type\":\"Organization\",\"@id\":\"https:\\\/\\\/webtube.fr\\\/#organization\",\"name\":\"# WEBTUBE.fr\",\"url\":\"https:\\\/\\\/webtube.fr\\\/\",\"logo\":{\"@type\":\"ImageObject\",\"inLanguage\":\"fr-FR\",\"@id\":\"https:\\\/\\\/webtube.fr\\\/#\\\/schema\\\/logo\\\/image\\\/\",\"url\":\"https:\\\/\\\/webtube.fr\\\/wp-content\\\/uploads\\\/2025\\\/09\\\/cropped-Logo_webtubeIA-1.jpg\",\"contentUrl\":\"https:\\\/\\\/webtube.fr\\\/wp-content\\\/uploads\\\/2025\\\/09\\\/cropped-Logo_webtubeIA-1.jpg\",\"width\":240,\"height\":240,\"caption\":\"# WEBTUBE.fr\"},\"image\":{\"@id\":\"https:\\\/\\\/webtube.fr\\\/#\\\/schema\\\/logo\\\/image\\\/\"},\"sameAs\":[\"https:\\\/\\\/www.facebook.com\\\/profile.php?id=100069673161887\",\"https:\\\/\\\/x.com\\\/OrtfNews\",\"https:\\\/\\\/www.facebook.com\\\/profile.php?id=100013751440523\"]},{\"@type\":\"Person\",\"@id\":\"https:\\\/\\\/webtube.fr\\\/#\\\/schema\\\/person\\\/dcc633686e0e2a79a6bf7b92c9507618\",\"name\":\"admin5851\",\"image\":{\"@type\":\"ImageObject\",\"inLanguage\":\"fr-FR\",\"@id\":\"https:\\\/\\\/secure.gravatar.com\\\/avatar\\\/ea1b672a827879c0febb022a108a871292b3d08fadc66a0a43fa47acfe82e38a?s=96&d=mm&r=g\",\"url\":\"https:\\\/\\\/secure.gravatar.com\\\/avatar\\\/ea1b672a827879c0febb022a108a871292b3d08fadc66a0a43fa47acfe82e38a?s=96&d=mm&r=g\",\"contentUrl\":\"https:\\\/\\\/secure.gravatar.com\\\/avatar\\\/ea1b672a827879c0febb022a108a871292b3d08fadc66a0a43fa47acfe82e38a?s=96&d=mm&r=g\",\"caption\":\"admin5851\"},\"sameAs\":[\"http:\\\/\\\/linlcju.cluster100.hosting.ovh.net\"],\"url\":\"https:\\\/\\\/webtube.fr\\\/index.php\\\/author\\\/admin5851\\\/\"}]}<\/script>\n<!-- \/ Yoast SEO plugin. -->","yoast_head_json":{"title":"Florian Philippot r\u00e9agit \u00e0 la manif anti-Pass Sanitaire sur BFMTV (01\/08\/21, 13h) - # WEBTUBE.fr","robots":{"index":"index","follow":"follow","max-snippet":"max-snippet:-1","max-image-preview":"max-image-preview:large","max-video-preview":"max-video-preview:-1"},"canonical":"https:\/\/webtube.fr\/index.php\/2021\/08\/01\/florian-philippot-reagit-a-la-manif-anti-pass-sanitaire-sur-bfmtv-01-08-21-13h\/","og_locale":"fr_FR","og_type":"article","og_title":"Florian Philippot r\u00e9agit \u00e0 la manif anti-Pass Sanitaire sur BFMTV (01\/08\/21, 13h) - # WEBTUBE.fr","og_description":"Articles&nbsp;: Juil.2021 &#8211; Juin 2021 &#8211; Mai 2021 &#8211; Avr. 2021 \u2013 Mar.2021 \u2013 Fev.2021 Avec BFM TV, on s&rsquo;amuse pendant 15 minutes. Florent Philippot d\u00e9monte les journalistes les uns apr\u00e8s les autres. BFM TV c&rsquo;est la voix de Macron. On voit tout dans cette video. On aime ou pas M. Philippot mais ici il &hellip; Continuer la lecture de &laquo;&nbsp;Florian Philippot r\u00e9agit \u00e0 la manif anti-Pass Sanitaire sur BFMTV (01\/08\/21, 13h)&nbsp;&raquo;","og_url":"https:\/\/webtube.fr\/index.php\/2021\/08\/01\/florian-philippot-reagit-a-la-manif-anti-pass-sanitaire-sur-bfmtv-01-08-21-13h\/","og_site_name":"# WEBTUBE.fr","article_publisher":"https:\/\/www.facebook.com\/profile.php?id=100069673161887","article_published_time":"2021-08-01T16:03:14+00:00","og_image":[{"url":"https:\/\/www.breizh-info.com\/wp-content\/uploads\/2021\/08\/nxtvjpy8aog.jpg","type":"","width":"","height":""}],"author":"admin5851","twitter_card":"summary_large_image","twitter_creator":"@OrtfNews","twitter_site":"@OrtfNews","twitter_misc":{"\u00c9crit par":"admin5851","Dur\u00e9e de lecture estim\u00e9e":"1 minute"},"schema":{"@context":"https:\/\/schema.org","@graph":[{"@type":"Article","@id":"https:\/\/webtube.fr\/index.php\/2021\/08\/01\/florian-philippot-reagit-a-la-manif-anti-pass-sanitaire-sur-bfmtv-01-08-21-13h\/#article","isPartOf":{"@id":"https:\/\/webtube.fr\/index.php\/2021\/08\/01\/florian-philippot-reagit-a-la-manif-anti-pass-sanitaire-sur-bfmtv-01-08-21-13h\/"},"author":{"name":"admin5851","@id":"https:\/\/webtube.fr\/#\/schema\/person\/dcc633686e0e2a79a6bf7b92c9507618"},"headline":"Florian Philippot r\u00e9agit \u00e0 la manif anti-Pass Sanitaire sur BFMTV (01\/08\/21, 13h)","datePublished":"2021-08-01T16:03:14+00:00","mainEntityOfPage":{"@id":"https:\/\/webtube.fr\/index.php\/2021\/08\/01\/florian-philippot-reagit-a-la-manif-anti-pass-sanitaire-sur-bfmtv-01-08-21-13h\/"},"wordCount":112,"commentCount":0,"publisher":{"@id":"https:\/\/webtube.fr\/#organization"},"image":{"@id":"https:\/\/webtube.fr\/index.php\/2021\/08\/01\/florian-philippot-reagit-a-la-manif-anti-pass-sanitaire-sur-bfmtv-01-08-21-13h\/#primaryimage"},"thumbnailUrl":"https:\/\/www.breizh-info.com\/wp-content\/uploads\/2021\/08\/nxtvjpy8aog.jpg","inLanguage":"fr-FR","potentialAction":[{"@type":"CommentAction","name":"Comment","target":["https:\/\/webtube.fr\/index.php\/2021\/08\/01\/florian-philippot-reagit-a-la-manif-anti-pass-sanitaire-sur-bfmtv-01-08-21-13h\/#respond"]}]},{"@type":"WebPage","@id":"https:\/\/webtube.fr\/index.php\/2021\/08\/01\/florian-philippot-reagit-a-la-manif-anti-pass-sanitaire-sur-bfmtv-01-08-21-13h\/","url":"https:\/\/webtube.fr\/index.php\/2021\/08\/01\/florian-philippot-reagit-a-la-manif-anti-pass-sanitaire-sur-bfmtv-01-08-21-13h\/","name":"Florian Philippot r\u00e9agit \u00e0 la manif anti-Pass Sanitaire sur BFMTV (01\/08\/21, 13h) - # WEBTUBE.fr","isPartOf":{"@id":"https:\/\/webtube.fr\/#website"},"primaryImageOfPage":{"@id":"https:\/\/webtube.fr\/index.php\/2021\/08\/01\/florian-philippot-reagit-a-la-manif-anti-pass-sanitaire-sur-bfmtv-01-08-21-13h\/#primaryimage"},"image":{"@id":"https:\/\/webtube.fr\/index.php\/2021\/08\/01\/florian-philippot-reagit-a-la-manif-anti-pass-sanitaire-sur-bfmtv-01-08-21-13h\/#primaryimage"},"thumbnailUrl":"https:\/\/www.breizh-info.com\/wp-content\/uploads\/2021\/08\/nxtvjpy8aog.jpg","datePublished":"2021-08-01T16:03:14+00:00","breadcrumb":{"@id":"https:\/\/webtube.fr\/index.php\/2021\/08\/01\/florian-philippot-reagit-a-la-manif-anti-pass-sanitaire-sur-bfmtv-01-08-21-13h\/#breadcrumb"},"inLanguage":"fr-FR","potentialAction":[{"@type":"ReadAction","target":["https:\/\/webtube.fr\/index.php\/2021\/08\/01\/florian-philippot-reagit-a-la-manif-anti-pass-sanitaire-sur-bfmtv-01-08-21-13h\/"]}]},{"@type":"ImageObject","inLanguage":"fr-FR","@id":"https:\/\/webtube.fr\/index.php\/2021\/08\/01\/florian-philippot-reagit-a-la-manif-anti-pass-sanitaire-sur-bfmtv-01-08-21-13h\/#primaryimage","url":"https:\/\/www.breizh-info.com\/wp-content\/uploads\/2021\/08\/nxtvjpy8aog.jpg","contentUrl":"https:\/\/www.breizh-info.com\/wp-content\/uploads\/2021\/08\/nxtvjpy8aog.jpg"},{"@type":"BreadcrumbList","@id":"https:\/\/webtube.fr\/index.php\/2021\/08\/01\/florian-philippot-reagit-a-la-manif-anti-pass-sanitaire-sur-bfmtv-01-08-21-13h\/#breadcrumb","itemListElement":[{"@type":"ListItem","position":1,"name":"Accueil","item":"https:\/\/webtube.fr\/"},{"@type":"ListItem","position":2,"name":"Florian Philippot r\u00e9agit \u00e0 la manif anti-Pass Sanitaire sur BFMTV (01\/08\/21, 13h)"}]},{"@type":"WebSite","@id":"https:\/\/webtube.fr\/#website","url":"https:\/\/webtube.fr\/","name":"WEBTUBE","description":"WEBTUBE.fr  Streaming Vid\u00e9o and News , toutes les infos sans filtres !","publisher":{"@id":"https:\/\/webtube.fr\/#organization"},"alternateName":"Rutube","potentialAction":[{"@type":"SearchAction","target":{"@type":"EntryPoint","urlTemplate":"https:\/\/webtube.fr\/?s={search_term_string}"},"query-input":{"@type":"PropertyValueSpecification","valueRequired":true,"valueName":"search_term_string"}}],"inLanguage":"fr-FR"},{"@type":"Organization","@id":"https:\/\/webtube.fr\/#organization","name":"# WEBTUBE.fr","url":"https:\/\/webtube.fr\/","logo":{"@type":"ImageObject","inLanguage":"fr-FR","@id":"https:\/\/webtube.fr\/#\/schema\/logo\/image\/","url":"https:\/\/webtube.fr\/wp-content\/uploads\/2025\/09\/cropped-Logo_webtubeIA-1.jpg","contentUrl":"https:\/\/webtube.fr\/wp-content\/uploads\/2025\/09\/cropped-Logo_webtubeIA-1.jpg","width":240,"height":240,"caption":"# WEBTUBE.fr"},"image":{"@id":"https:\/\/webtube.fr\/#\/schema\/logo\/image\/"},"sameAs":["https:\/\/www.facebook.com\/profile.php?id=100069673161887","https:\/\/x.com\/OrtfNews","https:\/\/www.facebook.com\/profile.php?id=100013751440523"]},{"@type":"Person","@id":"https:\/\/webtube.fr\/#\/schema\/person\/dcc633686e0e2a79a6bf7b92c9507618","name":"admin5851","image":{"@type":"ImageObject","inLanguage":"fr-FR","@id":"https:\/\/secure.gravatar.com\/avatar\/ea1b672a827879c0febb022a108a871292b3d08fadc66a0a43fa47acfe82e38a?s=96&d=mm&r=g","url":"https:\/\/secure.gravatar.com\/avatar\/ea1b672a827879c0febb022a108a871292b3d08fadc66a0a43fa47acfe82e38a?s=96&d=mm&r=g","contentUrl":"https:\/\/secure.gravatar.com\/avatar\/ea1b672a827879c0febb022a108a871292b3d08fadc66a0a43fa47acfe82e38a?s=96&d=mm&r=g","caption":"admin5851"},"sameAs":["http:\/\/linlcju.cluster100.hosting.ovh.net"],"url":"https:\/\/webtube.fr\/index.php\/author\/admin5851\/"}]}},"jetpack_featured_media_url":"","jetpack_sharing_enabled":true,"_links":{"self":[{"href":"https:\/\/webtube.fr\/index.php\/wp-json\/wp\/v2\/posts\/12035","targetHints":{"allow":["GET"]}}],"collection":[{"href":"https:\/\/webtube.fr\/index.php\/wp-json\/wp\/v2\/posts"}],"about":[{"href":"https:\/\/webtube.fr\/index.php\/wp-json\/wp\/v2\/types\/post"}],"author":[{"embeddable":true,"href":"https:\/\/webtube.fr\/index.php\/wp-json\/wp\/v2\/users\/1"}],"replies":[{"embeddable":true,"href":"https:\/\/webtube.fr\/index.php\/wp-json\/wp\/v2\/comments?post=12035"}],"version-history":[{"count":0,"href":"https:\/\/webtube.fr\/index.php\/wp-json\/wp\/v2\/posts\/12035\/revisions"}],"wp:attachment":[{"href":"https:\/\/webtube.fr\/index.php\/wp-json\/wp\/v2\/media?parent=12035"}],"wp:term":[{"taxonomy":"category","embeddable":true,"href":"https:\/\/webtube.fr\/index.php\/wp-json\/wp\/v2\/categories?post=12035"},{"taxonomy":"post_tag","embeddable":true,"href":"https:\/\/webtube.fr\/index.php\/wp-json\/wp\/v2\/tags?post=12035"}],"curies":[{"name":"wp","href":"https:\/\/api.w.org\/{rel}","templated":true}]}}