{"id":11778,"date":"2021-07-20T05:42:59","date_gmt":"2021-07-20T03:42:59","guid":{"rendered":"http:\/\/rutube.fr\/?p=11778"},"modified":"2021-07-20T05:42:59","modified_gmt":"2021-07-20T03:42:59","slug":"afrique-du-sud-les-violences-couteront-plusieurs-millions-de-dollars","status":"publish","type":"post","link":"https:\/\/webtube.fr\/index.php\/2021\/07\/20\/afrique-du-sud-les-violences-couteront-plusieurs-millions-de-dollars\/","title":{"rendered":"Afrique-du-sud. Les violences co\u00fbteront plusieurs millions de dollars"},"content":{"rendered":"\n<figure><iframe loading=\"lazy\" width=\"800\" height=\"200\" src=\"http:\/\/www.weboomedia.fr\/RutubeStreaming1.htm\" frameborder=\"N\" scrolling=\"no\"><\/iframe><\/figure>\n\n\n\n<p>Articles\u00a0: <a href=\"http:\/\/rutube.fr\/2021\/07\/\" target=\"_blank\" rel=\"noreferrer noopener\">Juil.2021 &#8211;<\/a> <a href=\"http:\/\/rutube.fr\/2021\/06\/\">Juin 2021<\/a> &#8211; <a href=\"http:\/\/rutube.fr\/2021\/05\/\" target=\"_blank\" rel=\"noreferrer noopener\">Mai 2021<\/a> &#8211; <a href=\"http:\/\/rutube.fr\/2021\/04\/\" target=\"_blank\" rel=\"noreferrer noopener\">Avr. 2021<\/a> \u2013 <a href=\"http:\/\/rutube.fr\/2021\/03\/\" target=\"_blank\" rel=\"noreferrer noopener\">Mar.2021<\/a> \u2013 <a href=\"http:\/\/rutube.fr\/2021\/02\/\" target=\"_blank\" rel=\"noreferrer noopener\">Fev.202<\/a><a href=\"http:\/\/rutube.fr\/2021\/02\/\">1<\/a><\/p>\n\n\n\n<figure class=\"wp-block-image size-large\"><img decoding=\"async\" src=\"https:\/\/assets.letemps.ch\/sites\/default\/files\/styles\/original\/public\/media\/2021\/07\/14\/file7gn3hsd05vpioww5jau.jpg?itok=tCXIO47q\" alt=\"\"\/><\/figure>\n\n\n\n<p>Des centaines d\u2019entreprises pill\u00e9es, plus de 200 morts, 2500 arrestations, les violences qui ont touch\u00e9 ces derniers jours l\u2019Afrique-du-Sud apr\u00e8s la condamnation de l\u2019ancien pr\u00e9sident Jacob Zuma pour corruption ont \u00e9t\u00e9 lourdes de cons\u00e9quences.<\/p>\n\n\n\n<p>30 ans apr\u00e8s la fin de l\u2019Apartheid et le r\u00e8gle sans partage de l\u2019ANC marxisto-lib\u00e9ral, la situation \u00e9conomique et sociale est totalement hors de contr\u00f4le dans l\u2019ancienne Suisse de l\u2019Afrique. La banque am\u00e9ricaine JP Morgan a estim\u00e9 que les troubles forceraient l\u2019\u00e9conomie Sud-Africaine \u00e0 ralentir, ce qui occasionnerait une baisse de 3% au troisi\u00e8me trimestre et un ralentissement de la croissance en ann\u00e9e pleine.<\/p>\n\n\n\n<p>Le chef des forces arm\u00e9es, le g\u00e9n\u00e9ral de corps d\u2019arm\u00e9e Rudzani Maphwanya, s\u2019adressant aux soldats \u00e0 Johannesburg, a d\u00e9clar\u00e9 :&nbsp;\u00ab&nbsp;<em>Ce n\u2019est plus seulement de la violence, c\u2019est du sabotage \u00e9conomique\u2026 C\u2019est une menace pour notre peuple, vous devez donc restaurer cette libert\u00e9\u2026<\/em>.&nbsp;\u00bb<\/p>\n\n\n\n<p>Le directeur de Statistics South Africa, Risenga Maluleke a, quant \u00e0 lui, d\u00e9clar\u00e9 que la reconstruction des infrastructures endommag\u00e9es pourrait prendre des ann\u00e9es et que les petites entreprises \u00ab auront du mal \u00e0 rena\u00eetre de leurs cendres \u00bb. Avant d\u2019ajouter&nbsp;que cela conduira \u00e0 encore plus de ch\u00f4mage.&nbsp;Notons que la plupart des gens dans les rues \u00e9taient des jeunes avec peu de perspectives d\u2019emploi et des possibilit\u00e9s d\u2019\u00e9ducation limit\u00e9es.<\/p>\n\n\n\n<p>Aujourd\u2019hui, le saccage des magasins entra\u00eene une p\u00e9nurie des produits de premi\u00e8re n\u00e9cessit\u00e9. Le groupe logistique d\u2019\u00c9tat Transnet a d\u00e9clar\u00e9 que les op\u00e9rations dans les ports de Durban et de Richards Bay s\u2019am\u00e9lioraient bien que les fermetures de routes et les p\u00e9nuries de carburant et de nourriture restreignaient sa cha\u00eene d\u2019approvisionnement.&nbsp;Richards Bay a r\u00e9sorb\u00e9 tous ses arri\u00e9r\u00e9s d\u2019exp\u00e9dition.<\/p>\n\n\n\n<p>Pour sa part, le d\u00e9taillant Massmart a d\u00e9clar\u00e9 que les manifestants avaient pill\u00e9 41 de ses magasins et deux centres de distribution, avec quatre sites endommag\u00e9s par un incendie criminel.<\/p>\n\n\n\n<p>Le pr\u00e9sident Sud-Africain Cyril Ramaphosa a cependant assur\u00e9 qu\u2019il n\u2019y avait pas de p\u00e9nurie de nourriture et de fournitures et a exhort\u00e9 les gens \u00e0 ne pas recourir \u00e0 l\u2019achat de panique.<\/p>\n\n\n\n<p>Les \u00e9meutes d\u00fbes \u00e0 des probl\u00e8mes \u00e9conomiques et sociaux se sont d\u00e9roul\u00e9es sous fond de luttes de pouvoir au sein de l\u2019ANC. Les loyalistes de Zuma, notamment issus de sa communaut\u00e9 zoulou, constituant la faction la plus forte oppos\u00e9e \u00e0 Ramaphosa, l\u2019actuel pr\u00e9sident.<\/p>\n\n\n\n<p>Le proc\u00e8s pour corruption de Zuma reprendra lundi devant la Haute Cour de Pietermaritzburg et ce dans un contexte de violences exacerb\u00e9es qui pourraient reprendre si les d\u00e9bats ne conviennent pas aux supporters de Jacob Zuma. Pour faire face, le pr\u00e9sident Ramaphosa a autoris\u00e9 le d\u00e9ploiement de 25 000 membres des forces arm\u00e9es, qui prot\u00e9geront en cas de nouvelles \u00e9meutes les installations cl\u00e9s et les sites commerciaux vitaux pour le fonctionnement de l\u2019\u00e9conomie.<\/p>\n\n\n\n<p><br \/><em>\u00a0<a href=\"http:\/\/breizh-info.com\/\" target=\"_blank\" rel=\"noreferrer noopener\">Breizh-info.com<\/a><\/em><\/p>\n\n\n\n<figure><iframe loading=\"lazy\" width=\"800\" height=\"200\" src=\"http:\/\/www.weboomedia.fr\/RutubeStreaming1.htm\" frameborder=\"N\" scrolling=\"no\"><\/iframe><\/figure>\n<!-- ADDFREESTATS.COM AUTOCODE V4.0 -->\n<script type=\"text\/javascript\">\n<!--\nvar AFS_Account=\"00636949\";\nvar AFS_Tracker=\"auto\";\nvar AFS_Server=\"www6\";\nvar AFS_Page=\"DetectName\";\nvar AFS_Url=\"DetectUrl\";\n\/\/ -->\n<\/script>\n<script type=\"text\/javascript\" src=\"http:\/\/www6.addfreestats.com\/cgi-bin\/afstrack.cgi?usr=00636949\">\n<\/script>\n<noscript>\n<a href=\"http:\/\/www.addfreestats.com\">\n<img decoding=\"async\" src=\"http:\/\/www6.addfreestats.com\/cgi-bin\/connect.cgi?usr=00636949Pauto\" border=\"0\" alt=\"AddFreeStats.com Free Web Stats!\">Web Stats<\/a>\n<\/noscript>\n\n<!-- ENDADDFREESTATS.COM AUTOCODE V4.0  \u2192\n","protected":false},"excerpt":{"rendered":"<p>Articles\u00a0: Juil.2021 &#8211; Juin 2021 &#8211; Mai 2021 &#8211; Avr. 2021 \u2013 Mar.2021 \u2013 Fev.2021 Des centaines d\u2019entreprises pill\u00e9es, plus de 200 morts, 2500 arrestations, les violences qui ont touch\u00e9 ces derniers jours l\u2019Afrique-du-Sud apr\u00e8s la condamnation de l\u2019ancien pr\u00e9sident Jacob Zuma pour corruption ont \u00e9t\u00e9 lourdes de cons\u00e9quences. 30 ans apr\u00e8s la fin de &hellip; <a href=\"https:\/\/webtube.fr\/index.php\/2021\/07\/20\/afrique-du-sud-les-violences-couteront-plusieurs-millions-de-dollars\/\" class=\"more-link\">Continuer la lecture<span class=\"screen-reader-text\"> de &laquo;&nbsp;Afrique-du-sud. Les violences co\u00fbteront plusieurs millions de dollars&nbsp;&raquo;<\/span><\/a><\/p>\n","protected":false},"author":1,"featured_media":0,"comment_status":"open","ping_status":"open","sticky":false,"template":"","format":"standard","meta":{"_jetpack_memberships_contains_paid_content":false,"footnotes":""},"categories":[2],"tags":[],"class_list":["post-11778","post","type-post","status-publish","format-standard","hentry","category-non-classe"],"yoast_head":"<!-- This site is optimized with the Yoast SEO plugin v27.3 - https:\/\/yoast.com\/product\/yoast-seo-wordpress\/ -->\n<title>Afrique-du-sud. Les violences co\u00fbteront plusieurs millions de dollars - # WEBTUBE.fr<\/title>\n<meta name=\"robots\" content=\"index, follow, max-snippet:-1, max-image-preview:large, max-video-preview:-1\" \/>\n<link rel=\"canonical\" href=\"https:\/\/webtube.fr\/index.php\/2021\/07\/20\/afrique-du-sud-les-violences-couteront-plusieurs-millions-de-dollars\/\" \/>\n<meta property=\"og:locale\" content=\"fr_FR\" \/>\n<meta property=\"og:type\" content=\"article\" \/>\n<meta property=\"og:title\" content=\"Afrique-du-sud. Les violences co\u00fbteront plusieurs millions de dollars - # WEBTUBE.fr\" \/>\n<meta property=\"og:description\" content=\"Articles\u00a0: Juil.2021 &#8211; Juin 2021 &#8211; Mai 2021 &#8211; Avr. 2021 \u2013 Mar.2021 \u2013 Fev.2021 Des centaines d\u2019entreprises pill\u00e9es, plus de 200 morts, 2500 arrestations, les violences qui ont touch\u00e9 ces derniers jours l\u2019Afrique-du-Sud apr\u00e8s la condamnation de l\u2019ancien pr\u00e9sident Jacob Zuma pour corruption ont \u00e9t\u00e9 lourdes de cons\u00e9quences. 30 ans apr\u00e8s la fin de &hellip; Continuer la lecture de &laquo;&nbsp;Afrique-du-sud. Les violences co\u00fbteront plusieurs millions de dollars&nbsp;&raquo;\" \/>\n<meta property=\"og:url\" content=\"https:\/\/webtube.fr\/index.php\/2021\/07\/20\/afrique-du-sud-les-violences-couteront-plusieurs-millions-de-dollars\/\" \/>\n<meta property=\"og:site_name\" content=\"# WEBTUBE.fr\" \/>\n<meta property=\"article:publisher\" content=\"https:\/\/www.facebook.com\/profile.php?id=100069673161887\" \/>\n<meta property=\"article:published_time\" content=\"2021-07-20T03:42:59+00:00\" \/>\n<meta property=\"og:image\" content=\"https:\/\/assets.letemps.ch\/sites\/default\/files\/styles\/original\/public\/media\/2021\/07\/14\/file7gn3hsd05vpioww5jau.jpg?itok=tCXIO47q\" \/>\n<meta name=\"author\" content=\"admin5851\" \/>\n<meta name=\"twitter:card\" content=\"summary_large_image\" \/>\n<meta name=\"twitter:creator\" content=\"@OrtfNews\" \/>\n<meta name=\"twitter:site\" content=\"@OrtfNews\" \/>\n<meta name=\"twitter:label1\" content=\"\u00c9crit par\" \/>\n\t<meta name=\"twitter:data1\" content=\"admin5851\" \/>\n\t<meta name=\"twitter:label2\" content=\"Dur\u00e9e de lecture estim\u00e9e\" \/>\n\t<meta name=\"twitter:data2\" content=\"3 minutes\" \/>\n<script type=\"application\/ld+json\" class=\"yoast-schema-graph\">{\"@context\":\"https:\\\/\\\/schema.org\",\"@graph\":[{\"@type\":\"Article\",\"@id\":\"https:\\\/\\\/webtube.fr\\\/index.php\\\/2021\\\/07\\\/20\\\/afrique-du-sud-les-violences-couteront-plusieurs-millions-de-dollars\\\/#article\",\"isPartOf\":{\"@id\":\"https:\\\/\\\/webtube.fr\\\/index.php\\\/2021\\\/07\\\/20\\\/afrique-du-sud-les-violences-couteront-plusieurs-millions-de-dollars\\\/\"},\"author\":{\"name\":\"admin5851\",\"@id\":\"https:\\\/\\\/webtube.fr\\\/#\\\/schema\\\/person\\\/dcc633686e0e2a79a6bf7b92c9507618\"},\"headline\":\"Afrique-du-sud. Les violences co\u00fbteront plusieurs millions de dollars\",\"datePublished\":\"2021-07-20T03:42:59+00:00\",\"mainEntityOfPage\":{\"@id\":\"https:\\\/\\\/webtube.fr\\\/index.php\\\/2021\\\/07\\\/20\\\/afrique-du-sud-les-violences-couteront-plusieurs-millions-de-dollars\\\/\"},\"wordCount\":540,\"commentCount\":0,\"publisher\":{\"@id\":\"https:\\\/\\\/webtube.fr\\\/#organization\"},\"image\":{\"@id\":\"https:\\\/\\\/webtube.fr\\\/index.php\\\/2021\\\/07\\\/20\\\/afrique-du-sud-les-violences-couteront-plusieurs-millions-de-dollars\\\/#primaryimage\"},\"thumbnailUrl\":\"https:\\\/\\\/assets.letemps.ch\\\/sites\\\/default\\\/files\\\/styles\\\/original\\\/public\\\/media\\\/2021\\\/07\\\/14\\\/file7gn3hsd05vpioww5jau.jpg?itok=tCXIO47q\",\"inLanguage\":\"fr-FR\",\"potentialAction\":[{\"@type\":\"CommentAction\",\"name\":\"Comment\",\"target\":[\"https:\\\/\\\/webtube.fr\\\/index.php\\\/2021\\\/07\\\/20\\\/afrique-du-sud-les-violences-couteront-plusieurs-millions-de-dollars\\\/#respond\"]}]},{\"@type\":\"WebPage\",\"@id\":\"https:\\\/\\\/webtube.fr\\\/index.php\\\/2021\\\/07\\\/20\\\/afrique-du-sud-les-violences-couteront-plusieurs-millions-de-dollars\\\/\",\"url\":\"https:\\\/\\\/webtube.fr\\\/index.php\\\/2021\\\/07\\\/20\\\/afrique-du-sud-les-violences-couteront-plusieurs-millions-de-dollars\\\/\",\"name\":\"Afrique-du-sud. Les violences co\u00fbteront plusieurs millions de dollars - # WEBTUBE.fr\",\"isPartOf\":{\"@id\":\"https:\\\/\\\/webtube.fr\\\/#website\"},\"primaryImageOfPage\":{\"@id\":\"https:\\\/\\\/webtube.fr\\\/index.php\\\/2021\\\/07\\\/20\\\/afrique-du-sud-les-violences-couteront-plusieurs-millions-de-dollars\\\/#primaryimage\"},\"image\":{\"@id\":\"https:\\\/\\\/webtube.fr\\\/index.php\\\/2021\\\/07\\\/20\\\/afrique-du-sud-les-violences-couteront-plusieurs-millions-de-dollars\\\/#primaryimage\"},\"thumbnailUrl\":\"https:\\\/\\\/assets.letemps.ch\\\/sites\\\/default\\\/files\\\/styles\\\/original\\\/public\\\/media\\\/2021\\\/07\\\/14\\\/file7gn3hsd05vpioww5jau.jpg?itok=tCXIO47q\",\"datePublished\":\"2021-07-20T03:42:59+00:00\",\"breadcrumb\":{\"@id\":\"https:\\\/\\\/webtube.fr\\\/index.php\\\/2021\\\/07\\\/20\\\/afrique-du-sud-les-violences-couteront-plusieurs-millions-de-dollars\\\/#breadcrumb\"},\"inLanguage\":\"fr-FR\",\"potentialAction\":[{\"@type\":\"ReadAction\",\"target\":[\"https:\\\/\\\/webtube.fr\\\/index.php\\\/2021\\\/07\\\/20\\\/afrique-du-sud-les-violences-couteront-plusieurs-millions-de-dollars\\\/\"]}]},{\"@type\":\"ImageObject\",\"inLanguage\":\"fr-FR\",\"@id\":\"https:\\\/\\\/webtube.fr\\\/index.php\\\/2021\\\/07\\\/20\\\/afrique-du-sud-les-violences-couteront-plusieurs-millions-de-dollars\\\/#primaryimage\",\"url\":\"https:\\\/\\\/assets.letemps.ch\\\/sites\\\/default\\\/files\\\/styles\\\/original\\\/public\\\/media\\\/2021\\\/07\\\/14\\\/file7gn3hsd05vpioww5jau.jpg?itok=tCXIO47q\",\"contentUrl\":\"https:\\\/\\\/assets.letemps.ch\\\/sites\\\/default\\\/files\\\/styles\\\/original\\\/public\\\/media\\\/2021\\\/07\\\/14\\\/file7gn3hsd05vpioww5jau.jpg?itok=tCXIO47q\"},{\"@type\":\"BreadcrumbList\",\"@id\":\"https:\\\/\\\/webtube.fr\\\/index.php\\\/2021\\\/07\\\/20\\\/afrique-du-sud-les-violences-couteront-plusieurs-millions-de-dollars\\\/#breadcrumb\",\"itemListElement\":[{\"@type\":\"ListItem\",\"position\":1,\"name\":\"Accueil\",\"item\":\"https:\\\/\\\/webtube.fr\\\/\"},{\"@type\":\"ListItem\",\"position\":2,\"name\":\"Afrique-du-sud. Les violences co\u00fbteront plusieurs millions de dollars\"}]},{\"@type\":\"WebSite\",\"@id\":\"https:\\\/\\\/webtube.fr\\\/#website\",\"url\":\"https:\\\/\\\/webtube.fr\\\/\",\"name\":\"WEBTUBE\",\"description\":\"WEBTUBE.fr  Streaming Vid\u00e9o and News , toutes les infos sans filtres !\",\"publisher\":{\"@id\":\"https:\\\/\\\/webtube.fr\\\/#organization\"},\"alternateName\":\"Rutube\",\"potentialAction\":[{\"@type\":\"SearchAction\",\"target\":{\"@type\":\"EntryPoint\",\"urlTemplate\":\"https:\\\/\\\/webtube.fr\\\/?s={search_term_string}\"},\"query-input\":{\"@type\":\"PropertyValueSpecification\",\"valueRequired\":true,\"valueName\":\"search_term_string\"}}],\"inLanguage\":\"fr-FR\"},{\"@type\":\"Organization\",\"@id\":\"https:\\\/\\\/webtube.fr\\\/#organization\",\"name\":\"# WEBTUBE.fr\",\"url\":\"https:\\\/\\\/webtube.fr\\\/\",\"logo\":{\"@type\":\"ImageObject\",\"inLanguage\":\"fr-FR\",\"@id\":\"https:\\\/\\\/webtube.fr\\\/#\\\/schema\\\/logo\\\/image\\\/\",\"url\":\"https:\\\/\\\/webtube.fr\\\/wp-content\\\/uploads\\\/2025\\\/09\\\/cropped-Logo_webtubeIA-1.jpg\",\"contentUrl\":\"https:\\\/\\\/webtube.fr\\\/wp-content\\\/uploads\\\/2025\\\/09\\\/cropped-Logo_webtubeIA-1.jpg\",\"width\":240,\"height\":240,\"caption\":\"# WEBTUBE.fr\"},\"image\":{\"@id\":\"https:\\\/\\\/webtube.fr\\\/#\\\/schema\\\/logo\\\/image\\\/\"},\"sameAs\":[\"https:\\\/\\\/www.facebook.com\\\/profile.php?id=100069673161887\",\"https:\\\/\\\/x.com\\\/OrtfNews\",\"https:\\\/\\\/www.facebook.com\\\/profile.php?id=100013751440523\"]},{\"@type\":\"Person\",\"@id\":\"https:\\\/\\\/webtube.fr\\\/#\\\/schema\\\/person\\\/dcc633686e0e2a79a6bf7b92c9507618\",\"name\":\"admin5851\",\"image\":{\"@type\":\"ImageObject\",\"inLanguage\":\"fr-FR\",\"@id\":\"https:\\\/\\\/secure.gravatar.com\\\/avatar\\\/ea1b672a827879c0febb022a108a871292b3d08fadc66a0a43fa47acfe82e38a?s=96&d=mm&r=g\",\"url\":\"https:\\\/\\\/secure.gravatar.com\\\/avatar\\\/ea1b672a827879c0febb022a108a871292b3d08fadc66a0a43fa47acfe82e38a?s=96&d=mm&r=g\",\"contentUrl\":\"https:\\\/\\\/secure.gravatar.com\\\/avatar\\\/ea1b672a827879c0febb022a108a871292b3d08fadc66a0a43fa47acfe82e38a?s=96&d=mm&r=g\",\"caption\":\"admin5851\"},\"sameAs\":[\"http:\\\/\\\/linlcju.cluster100.hosting.ovh.net\"],\"url\":\"https:\\\/\\\/webtube.fr\\\/index.php\\\/author\\\/admin5851\\\/\"}]}<\/script>\n<!-- \/ Yoast SEO plugin. -->","yoast_head_json":{"title":"Afrique-du-sud. Les violences co\u00fbteront plusieurs millions de dollars - # WEBTUBE.fr","robots":{"index":"index","follow":"follow","max-snippet":"max-snippet:-1","max-image-preview":"max-image-preview:large","max-video-preview":"max-video-preview:-1"},"canonical":"https:\/\/webtube.fr\/index.php\/2021\/07\/20\/afrique-du-sud-les-violences-couteront-plusieurs-millions-de-dollars\/","og_locale":"fr_FR","og_type":"article","og_title":"Afrique-du-sud. Les violences co\u00fbteront plusieurs millions de dollars - # WEBTUBE.fr","og_description":"Articles\u00a0: Juil.2021 &#8211; Juin 2021 &#8211; Mai 2021 &#8211; Avr. 2021 \u2013 Mar.2021 \u2013 Fev.2021 Des centaines d\u2019entreprises pill\u00e9es, plus de 200 morts, 2500 arrestations, les violences qui ont touch\u00e9 ces derniers jours l\u2019Afrique-du-Sud apr\u00e8s la condamnation de l\u2019ancien pr\u00e9sident Jacob Zuma pour corruption ont \u00e9t\u00e9 lourdes de cons\u00e9quences. 30 ans apr\u00e8s la fin de &hellip; Continuer la lecture de &laquo;&nbsp;Afrique-du-sud. Les violences co\u00fbteront plusieurs millions de dollars&nbsp;&raquo;","og_url":"https:\/\/webtube.fr\/index.php\/2021\/07\/20\/afrique-du-sud-les-violences-couteront-plusieurs-millions-de-dollars\/","og_site_name":"# WEBTUBE.fr","article_publisher":"https:\/\/www.facebook.com\/profile.php?id=100069673161887","article_published_time":"2021-07-20T03:42:59+00:00","og_image":[{"url":"https:\/\/assets.letemps.ch\/sites\/default\/files\/styles\/original\/public\/media\/2021\/07\/14\/file7gn3hsd05vpioww5jau.jpg?itok=tCXIO47q","type":"","width":"","height":""}],"author":"admin5851","twitter_card":"summary_large_image","twitter_creator":"@OrtfNews","twitter_site":"@OrtfNews","twitter_misc":{"\u00c9crit par":"admin5851","Dur\u00e9e de lecture estim\u00e9e":"3 minutes"},"schema":{"@context":"https:\/\/schema.org","@graph":[{"@type":"Article","@id":"https:\/\/webtube.fr\/index.php\/2021\/07\/20\/afrique-du-sud-les-violences-couteront-plusieurs-millions-de-dollars\/#article","isPartOf":{"@id":"https:\/\/webtube.fr\/index.php\/2021\/07\/20\/afrique-du-sud-les-violences-couteront-plusieurs-millions-de-dollars\/"},"author":{"name":"admin5851","@id":"https:\/\/webtube.fr\/#\/schema\/person\/dcc633686e0e2a79a6bf7b92c9507618"},"headline":"Afrique-du-sud. Les violences co\u00fbteront plusieurs millions de dollars","datePublished":"2021-07-20T03:42:59+00:00","mainEntityOfPage":{"@id":"https:\/\/webtube.fr\/index.php\/2021\/07\/20\/afrique-du-sud-les-violences-couteront-plusieurs-millions-de-dollars\/"},"wordCount":540,"commentCount":0,"publisher":{"@id":"https:\/\/webtube.fr\/#organization"},"image":{"@id":"https:\/\/webtube.fr\/index.php\/2021\/07\/20\/afrique-du-sud-les-violences-couteront-plusieurs-millions-de-dollars\/#primaryimage"},"thumbnailUrl":"https:\/\/assets.letemps.ch\/sites\/default\/files\/styles\/original\/public\/media\/2021\/07\/14\/file7gn3hsd05vpioww5jau.jpg?itok=tCXIO47q","inLanguage":"fr-FR","potentialAction":[{"@type":"CommentAction","name":"Comment","target":["https:\/\/webtube.fr\/index.php\/2021\/07\/20\/afrique-du-sud-les-violences-couteront-plusieurs-millions-de-dollars\/#respond"]}]},{"@type":"WebPage","@id":"https:\/\/webtube.fr\/index.php\/2021\/07\/20\/afrique-du-sud-les-violences-couteront-plusieurs-millions-de-dollars\/","url":"https:\/\/webtube.fr\/index.php\/2021\/07\/20\/afrique-du-sud-les-violences-couteront-plusieurs-millions-de-dollars\/","name":"Afrique-du-sud. Les violences co\u00fbteront plusieurs millions de dollars - # WEBTUBE.fr","isPartOf":{"@id":"https:\/\/webtube.fr\/#website"},"primaryImageOfPage":{"@id":"https:\/\/webtube.fr\/index.php\/2021\/07\/20\/afrique-du-sud-les-violences-couteront-plusieurs-millions-de-dollars\/#primaryimage"},"image":{"@id":"https:\/\/webtube.fr\/index.php\/2021\/07\/20\/afrique-du-sud-les-violences-couteront-plusieurs-millions-de-dollars\/#primaryimage"},"thumbnailUrl":"https:\/\/assets.letemps.ch\/sites\/default\/files\/styles\/original\/public\/media\/2021\/07\/14\/file7gn3hsd05vpioww5jau.jpg?itok=tCXIO47q","datePublished":"2021-07-20T03:42:59+00:00","breadcrumb":{"@id":"https:\/\/webtube.fr\/index.php\/2021\/07\/20\/afrique-du-sud-les-violences-couteront-plusieurs-millions-de-dollars\/#breadcrumb"},"inLanguage":"fr-FR","potentialAction":[{"@type":"ReadAction","target":["https:\/\/webtube.fr\/index.php\/2021\/07\/20\/afrique-du-sud-les-violences-couteront-plusieurs-millions-de-dollars\/"]}]},{"@type":"ImageObject","inLanguage":"fr-FR","@id":"https:\/\/webtube.fr\/index.php\/2021\/07\/20\/afrique-du-sud-les-violences-couteront-plusieurs-millions-de-dollars\/#primaryimage","url":"https:\/\/assets.letemps.ch\/sites\/default\/files\/styles\/original\/public\/media\/2021\/07\/14\/file7gn3hsd05vpioww5jau.jpg?itok=tCXIO47q","contentUrl":"https:\/\/assets.letemps.ch\/sites\/default\/files\/styles\/original\/public\/media\/2021\/07\/14\/file7gn3hsd05vpioww5jau.jpg?itok=tCXIO47q"},{"@type":"BreadcrumbList","@id":"https:\/\/webtube.fr\/index.php\/2021\/07\/20\/afrique-du-sud-les-violences-couteront-plusieurs-millions-de-dollars\/#breadcrumb","itemListElement":[{"@type":"ListItem","position":1,"name":"Accueil","item":"https:\/\/webtube.fr\/"},{"@type":"ListItem","position":2,"name":"Afrique-du-sud. Les violences co\u00fbteront plusieurs millions de dollars"}]},{"@type":"WebSite","@id":"https:\/\/webtube.fr\/#website","url":"https:\/\/webtube.fr\/","name":"WEBTUBE","description":"WEBTUBE.fr  Streaming Vid\u00e9o and News , toutes les infos sans filtres !","publisher":{"@id":"https:\/\/webtube.fr\/#organization"},"alternateName":"Rutube","potentialAction":[{"@type":"SearchAction","target":{"@type":"EntryPoint","urlTemplate":"https:\/\/webtube.fr\/?s={search_term_string}"},"query-input":{"@type":"PropertyValueSpecification","valueRequired":true,"valueName":"search_term_string"}}],"inLanguage":"fr-FR"},{"@type":"Organization","@id":"https:\/\/webtube.fr\/#organization","name":"# WEBTUBE.fr","url":"https:\/\/webtube.fr\/","logo":{"@type":"ImageObject","inLanguage":"fr-FR","@id":"https:\/\/webtube.fr\/#\/schema\/logo\/image\/","url":"https:\/\/webtube.fr\/wp-content\/uploads\/2025\/09\/cropped-Logo_webtubeIA-1.jpg","contentUrl":"https:\/\/webtube.fr\/wp-content\/uploads\/2025\/09\/cropped-Logo_webtubeIA-1.jpg","width":240,"height":240,"caption":"# WEBTUBE.fr"},"image":{"@id":"https:\/\/webtube.fr\/#\/schema\/logo\/image\/"},"sameAs":["https:\/\/www.facebook.com\/profile.php?id=100069673161887","https:\/\/x.com\/OrtfNews","https:\/\/www.facebook.com\/profile.php?id=100013751440523"]},{"@type":"Person","@id":"https:\/\/webtube.fr\/#\/schema\/person\/dcc633686e0e2a79a6bf7b92c9507618","name":"admin5851","image":{"@type":"ImageObject","inLanguage":"fr-FR","@id":"https:\/\/secure.gravatar.com\/avatar\/ea1b672a827879c0febb022a108a871292b3d08fadc66a0a43fa47acfe82e38a?s=96&d=mm&r=g","url":"https:\/\/secure.gravatar.com\/avatar\/ea1b672a827879c0febb022a108a871292b3d08fadc66a0a43fa47acfe82e38a?s=96&d=mm&r=g","contentUrl":"https:\/\/secure.gravatar.com\/avatar\/ea1b672a827879c0febb022a108a871292b3d08fadc66a0a43fa47acfe82e38a?s=96&d=mm&r=g","caption":"admin5851"},"sameAs":["http:\/\/linlcju.cluster100.hosting.ovh.net"],"url":"https:\/\/webtube.fr\/index.php\/author\/admin5851\/"}]}},"jetpack_featured_media_url":"","jetpack_sharing_enabled":true,"_links":{"self":[{"href":"https:\/\/webtube.fr\/index.php\/wp-json\/wp\/v2\/posts\/11778","targetHints":{"allow":["GET"]}}],"collection":[{"href":"https:\/\/webtube.fr\/index.php\/wp-json\/wp\/v2\/posts"}],"about":[{"href":"https:\/\/webtube.fr\/index.php\/wp-json\/wp\/v2\/types\/post"}],"author":[{"embeddable":true,"href":"https:\/\/webtube.fr\/index.php\/wp-json\/wp\/v2\/users\/1"}],"replies":[{"embeddable":true,"href":"https:\/\/webtube.fr\/index.php\/wp-json\/wp\/v2\/comments?post=11778"}],"version-history":[{"count":0,"href":"https:\/\/webtube.fr\/index.php\/wp-json\/wp\/v2\/posts\/11778\/revisions"}],"wp:attachment":[{"href":"https:\/\/webtube.fr\/index.php\/wp-json\/wp\/v2\/media?parent=11778"}],"wp:term":[{"taxonomy":"category","embeddable":true,"href":"https:\/\/webtube.fr\/index.php\/wp-json\/wp\/v2\/categories?post=11778"},{"taxonomy":"post_tag","embeddable":true,"href":"https:\/\/webtube.fr\/index.php\/wp-json\/wp\/v2\/tags?post=11778"}],"curies":[{"name":"wp","href":"https:\/\/api.w.org\/{rel}","templated":true}]}}