{"id":11523,"date":"2021-06-29T10:42:31","date_gmt":"2021-06-29T08:42:31","guid":{"rendered":"http:\/\/rutube.fr\/?p=11523"},"modified":"2021-06-29T10:42:31","modified_gmt":"2021-06-29T08:42:31","slug":"michel-drucker-apporte-son-soutien-a-cnews-vers-la-fin-du-politiquement-correct","status":"publish","type":"post","link":"https:\/\/webtube.fr\/index.php\/2021\/06\/29\/michel-drucker-apporte-son-soutien-a-cnews-vers-la-fin-du-politiquement-correct\/","title":{"rendered":"Michel Drucker apporte son soutien \u00e0 CNews : vers la fin du politiquement correct"},"content":{"rendered":"\n<figure><iframe loading=\"lazy\" width=\"800\" height=\"200\" src=\"http:\/\/www.weboomedia.fr\/RutubeStreaming1.htm\" frameborder=\"N\" scrolling=\"no\"><\/iframe><\/figure>\n\n\n\n<p>Articles\u00a0: <a href=\"http:\/\/rutube.fr\/2021\/06\/\">Juin 2021<\/a> &#8211; <a href=\"http:\/\/rutube.fr\/2021\/05\/\" target=\"_blank\" rel=\"noreferrer noopener\">Mai 2021<\/a> &#8211; <a href=\"http:\/\/rutube.fr\/2021\/04\/\" target=\"_blank\" rel=\"noreferrer noopener\">Avr. 2021<\/a> \u2013 <a href=\"http:\/\/rutube.fr\/2021\/03\/\" target=\"_blank\" rel=\"noreferrer noopener\">Mar.2021<\/a> \u2013 <a href=\"http:\/\/rutube.fr\/2021\/02\/\" target=\"_blank\" rel=\"noreferrer noopener\">Fev.202<\/a><a href=\"http:\/\/rutube.fr\/2021\/02\/\">1<\/a><\/p>\n\n\n\n<figure class=\"wp-block-image size-large\"><img decoding=\"async\" src=\"https:\/\/www.bvoltaire.fr\/media\/2021\/06\/drucker.png\" alt=\"\"\/><\/figure>\n\n\n\n<p>Il ne manquait plus \u00e0&nbsp;<em><a href=\"https:\/\/www.bvoltaire.fr\/sujet\/cnews\/\">CNews<\/a><\/em>&nbsp;que la b\u00e9n\u00e9diction de l\u2019archev\u00eaque de l\u2019audiovisuel\u2026 c\u2019est chose faite. Dans une interview, Monseigneur&nbsp;<a href=\"https:\/\/www.bvoltaire.fr\/sujet\/michel\/\">Michel<\/a>&nbsp;Drucker a oint de son cirage miraculeux quelques figures incontournables de la cha\u00eene. Au cours de l\u2019\u00e9mission \u00ab L\u2019Instant Deluxe \u00bb, d\u2019un geste auguste, l\u2019inamovible animateur a proc\u00e9d\u00e9 \u00e0 l\u2019\u00e9l\u00e9vation de&nbsp;<a href=\"https:\/\/www.bvoltaire.fr\/sujet\/pascal-praud\/\">Pascal Praud<\/a>,&nbsp;<a href=\"https:\/\/www.bvoltaire.fr\/sujet\/sonia-mabrouk\/\">Sonia Mabrouk<\/a>,&nbsp;<a href=\"https:\/\/www.bvoltaire.fr\/sujet\/jean-marc-morandini\/\">Jean-Marc Morandini<\/a>&nbsp;et \u00c9ric Zemmour au rang de bienheureux. Quittant ainsi le camp des pestif\u00e9r\u00e9s, les journalistes concern\u00e9s se voient coiff\u00e9s d\u2019une aur\u00e9ole lumineuse \u00e0 faire p\u00e2lir tous les saints de&nbsp;<em>BFM<\/em>.<\/p>\n\n\n\n<p>Le vent tourne et Michel Drucker en est l\u2019indicateur de direction. De son flair infaillible, il fait ainsi passer ces personnalit\u00e9s du statut de \u00ab maudit \u00bb \u00e0 celui de \u00ab normal \u00bb. Les voil\u00e0 admis autour du feu de bois sur lequel br\u00fble le conformisme fig\u00e9 de&nbsp;<em>France T\u00e9l\u00e9visions<\/em>. La vieille t\u00e9l\u00e9 n\u2019est plus et c\u2019est l\u2019un de ses piliers ancestraux qui, paradoxalement, le proclame implicitement.<\/p>\n\n\n\n<p>En ce monde p\u00e9tri de bien-pensance et de chasse aux sorci\u00e8res, \u00eatre admir\u00e9 de Michel Drucker est un passeport, un viatique pour la rencontre avec la vraie popularit\u00e9. Sur le revers de veste des heureux \u00e9lus, le label \u00ab test\u00e9 et approuv\u00e9 par M.D. \u00bb est d\u00e9sormais appos\u00e9. \u00c9ric Zemmour, fier comme Artaban, Pascal Praud, rose de confusion, Sonia Mabrouk \u00ab Ah non, fallait pas \u00bb\u2026<\/p>\n\n\n\n<p>\u00ab Vivement dimanche \u00bb, sur\u00a0<em>France 2<\/em>, ou \u00ab Vivement Zemmour \u00bb, sur\u00a0<em>CNews<\/em>\u00a0? Michel Drucker n\u2019aurait nul besoin de sortir de son canap\u00e9 rouge. Des d\u00e9m\u00e9nageurs se chargeraient du transfert. Dans la nuit. Ni vu ni connu. Dans son sillage, des millions de t\u00e9l\u00e9spectateurs retrouvant le simple bon sens dont on les avait priv\u00e9s. Une fuite massive du\u00a0<a href=\"https:\/\/www.bvoltaire.fr\/sujet\/politiquement-correct\/\">politiquement correct<\/a>. L\u2019exode. Ah, monseigneur, est-ce une apparition ? Je le vois comme si vous y \u00e9tiez.<\/p>\n\n\n\n<p><a href=\"https:\/\/www.bvoltaire.fr\/auteur\/janyleroy\/\">Jany Leroy<\/a>, dans Boulevard Voltaire<\/p>\n\n\n\n<!-- ADDFREESTATS.COM AUTOCODE V4.0 -->\n<script type=\"text\/javascript\">\n<!--\nvar AFS_Account=\"00636949\";\nvar AFS_Tracker=\"auto\";\nvar AFS_Server=\"www6\";\nvar AFS_Page=\"DetectName\";\nvar AFS_Url=\"DetectUrl\";\n\/\/ -->\n<\/script>\n<script type=\"text\/javascript\" src=\"http:\/\/www6.addfreestats.com\/cgi-bin\/afstrack.cgi?usr=00636949\">\n<\/script>\n<noscript>\n<a href=\"http:\/\/www.addfreestats.com\">\n<img decoding=\"async\" src=\"http:\/\/www6.addfreestats.com\/cgi-bin\/connect.cgi?usr=00636949Pauto\" border=\"0\" alt=\"AddFreeStats.com Free Web Stats!\">Web Stats<\/a>\n<\/noscript>\n\n<!-- ENDADDFREESTATS.COM AUTOCODE V4.0  \u2192\n\n","protected":false},"excerpt":{"rendered":"<p>Articles\u00a0: Juin 2021 &#8211; Mai 2021 &#8211; Avr. 2021 \u2013 Mar.2021 \u2013 Fev.2021 Il ne manquait plus \u00e0&nbsp;CNews&nbsp;que la b\u00e9n\u00e9diction de l\u2019archev\u00eaque de l\u2019audiovisuel\u2026 c\u2019est chose faite. Dans une interview, Monseigneur&nbsp;Michel&nbsp;Drucker a oint de son cirage miraculeux quelques figures incontournables de la cha\u00eene. Au cours de l\u2019\u00e9mission \u00ab L\u2019Instant Deluxe \u00bb, d\u2019un geste auguste, l\u2019inamovible &hellip; <a href=\"https:\/\/webtube.fr\/index.php\/2021\/06\/29\/michel-drucker-apporte-son-soutien-a-cnews-vers-la-fin-du-politiquement-correct\/\" class=\"more-link\">Continuer la lecture<span class=\"screen-reader-text\"> de &laquo;&nbsp;Michel Drucker apporte son soutien \u00e0 CNews : vers la fin du politiquement correct&nbsp;&raquo;<\/span><\/a><\/p>\n","protected":false},"author":1,"featured_media":0,"comment_status":"open","ping_status":"open","sticky":false,"template":"","format":"standard","meta":{"_jetpack_memberships_contains_paid_content":false,"footnotes":""},"categories":[2],"tags":[],"class_list":["post-11523","post","type-post","status-publish","format-standard","hentry","category-non-classe"],"yoast_head":"<!-- This site is optimized with the Yoast SEO plugin v27.3 - https:\/\/yoast.com\/product\/yoast-seo-wordpress\/ -->\n<title>Michel Drucker apporte son soutien \u00e0 CNews : vers la fin du politiquement correct - # WEBTUBE.fr<\/title>\n<meta name=\"robots\" content=\"index, follow, max-snippet:-1, max-image-preview:large, max-video-preview:-1\" \/>\n<link rel=\"canonical\" href=\"https:\/\/webtube.fr\/index.php\/2021\/06\/29\/michel-drucker-apporte-son-soutien-a-cnews-vers-la-fin-du-politiquement-correct\/\" \/>\n<meta property=\"og:locale\" content=\"fr_FR\" \/>\n<meta property=\"og:type\" content=\"article\" \/>\n<meta property=\"og:title\" content=\"Michel Drucker apporte son soutien \u00e0 CNews : vers la fin du politiquement correct - # WEBTUBE.fr\" \/>\n<meta property=\"og:description\" content=\"Articles\u00a0: Juin 2021 &#8211; Mai 2021 &#8211; Avr. 2021 \u2013 Mar.2021 \u2013 Fev.2021 Il ne manquait plus \u00e0&nbsp;CNews&nbsp;que la b\u00e9n\u00e9diction de l\u2019archev\u00eaque de l\u2019audiovisuel\u2026 c\u2019est chose faite. Dans une interview, Monseigneur&nbsp;Michel&nbsp;Drucker a oint de son cirage miraculeux quelques figures incontournables de la cha\u00eene. Au cours de l\u2019\u00e9mission \u00ab L\u2019Instant Deluxe \u00bb, d\u2019un geste auguste, l\u2019inamovible &hellip; Continuer la lecture de &laquo;&nbsp;Michel Drucker apporte son soutien \u00e0 CNews : vers la fin du politiquement correct&nbsp;&raquo;\" \/>\n<meta property=\"og:url\" content=\"https:\/\/webtube.fr\/index.php\/2021\/06\/29\/michel-drucker-apporte-son-soutien-a-cnews-vers-la-fin-du-politiquement-correct\/\" \/>\n<meta property=\"og:site_name\" content=\"# WEBTUBE.fr\" \/>\n<meta property=\"article:publisher\" content=\"https:\/\/www.facebook.com\/profile.php?id=100069673161887\" \/>\n<meta property=\"article:published_time\" content=\"2021-06-29T08:42:31+00:00\" \/>\n<meta property=\"og:image\" content=\"https:\/\/www.bvoltaire.fr\/media\/2021\/06\/drucker.png\" \/>\n<meta name=\"author\" content=\"admin5851\" \/>\n<meta name=\"twitter:card\" content=\"summary_large_image\" \/>\n<meta name=\"twitter:creator\" content=\"@OrtfNews\" \/>\n<meta name=\"twitter:site\" content=\"@OrtfNews\" \/>\n<meta name=\"twitter:label1\" content=\"\u00c9crit par\" \/>\n\t<meta name=\"twitter:data1\" content=\"admin5851\" \/>\n\t<meta name=\"twitter:label2\" content=\"Dur\u00e9e de lecture estim\u00e9e\" \/>\n\t<meta name=\"twitter:data2\" content=\"2 minutes\" \/>\n<script type=\"application\/ld+json\" class=\"yoast-schema-graph\">{\"@context\":\"https:\\\/\\\/schema.org\",\"@graph\":[{\"@type\":\"Article\",\"@id\":\"https:\\\/\\\/webtube.fr\\\/index.php\\\/2021\\\/06\\\/29\\\/michel-drucker-apporte-son-soutien-a-cnews-vers-la-fin-du-politiquement-correct\\\/#article\",\"isPartOf\":{\"@id\":\"https:\\\/\\\/webtube.fr\\\/index.php\\\/2021\\\/06\\\/29\\\/michel-drucker-apporte-son-soutien-a-cnews-vers-la-fin-du-politiquement-correct\\\/\"},\"author\":{\"name\":\"admin5851\",\"@id\":\"https:\\\/\\\/webtube.fr\\\/#\\\/schema\\\/person\\\/dcc633686e0e2a79a6bf7b92c9507618\"},\"headline\":\"Michel Drucker apporte son soutien \u00e0 CNews : vers la fin du politiquement correct\",\"datePublished\":\"2021-06-29T08:42:31+00:00\",\"mainEntityOfPage\":{\"@id\":\"https:\\\/\\\/webtube.fr\\\/index.php\\\/2021\\\/06\\\/29\\\/michel-drucker-apporte-son-soutien-a-cnews-vers-la-fin-du-politiquement-correct\\\/\"},\"wordCount\":355,\"commentCount\":0,\"publisher\":{\"@id\":\"https:\\\/\\\/webtube.fr\\\/#organization\"},\"image\":{\"@id\":\"https:\\\/\\\/webtube.fr\\\/index.php\\\/2021\\\/06\\\/29\\\/michel-drucker-apporte-son-soutien-a-cnews-vers-la-fin-du-politiquement-correct\\\/#primaryimage\"},\"thumbnailUrl\":\"https:\\\/\\\/www.bvoltaire.fr\\\/media\\\/2021\\\/06\\\/drucker.png\",\"inLanguage\":\"fr-FR\",\"potentialAction\":[{\"@type\":\"CommentAction\",\"name\":\"Comment\",\"target\":[\"https:\\\/\\\/webtube.fr\\\/index.php\\\/2021\\\/06\\\/29\\\/michel-drucker-apporte-son-soutien-a-cnews-vers-la-fin-du-politiquement-correct\\\/#respond\"]}]},{\"@type\":\"WebPage\",\"@id\":\"https:\\\/\\\/webtube.fr\\\/index.php\\\/2021\\\/06\\\/29\\\/michel-drucker-apporte-son-soutien-a-cnews-vers-la-fin-du-politiquement-correct\\\/\",\"url\":\"https:\\\/\\\/webtube.fr\\\/index.php\\\/2021\\\/06\\\/29\\\/michel-drucker-apporte-son-soutien-a-cnews-vers-la-fin-du-politiquement-correct\\\/\",\"name\":\"Michel Drucker apporte son soutien \u00e0 CNews : vers la fin du politiquement correct - # WEBTUBE.fr\",\"isPartOf\":{\"@id\":\"https:\\\/\\\/webtube.fr\\\/#website\"},\"primaryImageOfPage\":{\"@id\":\"https:\\\/\\\/webtube.fr\\\/index.php\\\/2021\\\/06\\\/29\\\/michel-drucker-apporte-son-soutien-a-cnews-vers-la-fin-du-politiquement-correct\\\/#primaryimage\"},\"image\":{\"@id\":\"https:\\\/\\\/webtube.fr\\\/index.php\\\/2021\\\/06\\\/29\\\/michel-drucker-apporte-son-soutien-a-cnews-vers-la-fin-du-politiquement-correct\\\/#primaryimage\"},\"thumbnailUrl\":\"https:\\\/\\\/www.bvoltaire.fr\\\/media\\\/2021\\\/06\\\/drucker.png\",\"datePublished\":\"2021-06-29T08:42:31+00:00\",\"breadcrumb\":{\"@id\":\"https:\\\/\\\/webtube.fr\\\/index.php\\\/2021\\\/06\\\/29\\\/michel-drucker-apporte-son-soutien-a-cnews-vers-la-fin-du-politiquement-correct\\\/#breadcrumb\"},\"inLanguage\":\"fr-FR\",\"potentialAction\":[{\"@type\":\"ReadAction\",\"target\":[\"https:\\\/\\\/webtube.fr\\\/index.php\\\/2021\\\/06\\\/29\\\/michel-drucker-apporte-son-soutien-a-cnews-vers-la-fin-du-politiquement-correct\\\/\"]}]},{\"@type\":\"ImageObject\",\"inLanguage\":\"fr-FR\",\"@id\":\"https:\\\/\\\/webtube.fr\\\/index.php\\\/2021\\\/06\\\/29\\\/michel-drucker-apporte-son-soutien-a-cnews-vers-la-fin-du-politiquement-correct\\\/#primaryimage\",\"url\":\"https:\\\/\\\/www.bvoltaire.fr\\\/media\\\/2021\\\/06\\\/drucker.png\",\"contentUrl\":\"https:\\\/\\\/www.bvoltaire.fr\\\/media\\\/2021\\\/06\\\/drucker.png\"},{\"@type\":\"BreadcrumbList\",\"@id\":\"https:\\\/\\\/webtube.fr\\\/index.php\\\/2021\\\/06\\\/29\\\/michel-drucker-apporte-son-soutien-a-cnews-vers-la-fin-du-politiquement-correct\\\/#breadcrumb\",\"itemListElement\":[{\"@type\":\"ListItem\",\"position\":1,\"name\":\"Accueil\",\"item\":\"https:\\\/\\\/webtube.fr\\\/\"},{\"@type\":\"ListItem\",\"position\":2,\"name\":\"Michel Drucker apporte son soutien \u00e0 CNews : vers la fin du politiquement correct\"}]},{\"@type\":\"WebSite\",\"@id\":\"https:\\\/\\\/webtube.fr\\\/#website\",\"url\":\"https:\\\/\\\/webtube.fr\\\/\",\"name\":\"WEBTUBE\",\"description\":\"WEBTUBE.fr  Streaming Vid\u00e9o and News , toutes les infos sans filtres !\",\"publisher\":{\"@id\":\"https:\\\/\\\/webtube.fr\\\/#organization\"},\"alternateName\":\"Rutube\",\"potentialAction\":[{\"@type\":\"SearchAction\",\"target\":{\"@type\":\"EntryPoint\",\"urlTemplate\":\"https:\\\/\\\/webtube.fr\\\/?s={search_term_string}\"},\"query-input\":{\"@type\":\"PropertyValueSpecification\",\"valueRequired\":true,\"valueName\":\"search_term_string\"}}],\"inLanguage\":\"fr-FR\"},{\"@type\":\"Organization\",\"@id\":\"https:\\\/\\\/webtube.fr\\\/#organization\",\"name\":\"# WEBTUBE.fr\",\"url\":\"https:\\\/\\\/webtube.fr\\\/\",\"logo\":{\"@type\":\"ImageObject\",\"inLanguage\":\"fr-FR\",\"@id\":\"https:\\\/\\\/webtube.fr\\\/#\\\/schema\\\/logo\\\/image\\\/\",\"url\":\"https:\\\/\\\/webtube.fr\\\/wp-content\\\/uploads\\\/2025\\\/09\\\/cropped-Logo_webtubeIA-1.jpg\",\"contentUrl\":\"https:\\\/\\\/webtube.fr\\\/wp-content\\\/uploads\\\/2025\\\/09\\\/cropped-Logo_webtubeIA-1.jpg\",\"width\":240,\"height\":240,\"caption\":\"# WEBTUBE.fr\"},\"image\":{\"@id\":\"https:\\\/\\\/webtube.fr\\\/#\\\/schema\\\/logo\\\/image\\\/\"},\"sameAs\":[\"https:\\\/\\\/www.facebook.com\\\/profile.php?id=100069673161887\",\"https:\\\/\\\/x.com\\\/OrtfNews\",\"https:\\\/\\\/www.facebook.com\\\/profile.php?id=100013751440523\"]},{\"@type\":\"Person\",\"@id\":\"https:\\\/\\\/webtube.fr\\\/#\\\/schema\\\/person\\\/dcc633686e0e2a79a6bf7b92c9507618\",\"name\":\"admin5851\",\"image\":{\"@type\":\"ImageObject\",\"inLanguage\":\"fr-FR\",\"@id\":\"https:\\\/\\\/secure.gravatar.com\\\/avatar\\\/ea1b672a827879c0febb022a108a871292b3d08fadc66a0a43fa47acfe82e38a?s=96&d=mm&r=g\",\"url\":\"https:\\\/\\\/secure.gravatar.com\\\/avatar\\\/ea1b672a827879c0febb022a108a871292b3d08fadc66a0a43fa47acfe82e38a?s=96&d=mm&r=g\",\"contentUrl\":\"https:\\\/\\\/secure.gravatar.com\\\/avatar\\\/ea1b672a827879c0febb022a108a871292b3d08fadc66a0a43fa47acfe82e38a?s=96&d=mm&r=g\",\"caption\":\"admin5851\"},\"sameAs\":[\"http:\\\/\\\/linlcju.cluster100.hosting.ovh.net\"],\"url\":\"https:\\\/\\\/webtube.fr\\\/index.php\\\/author\\\/admin5851\\\/\"}]}<\/script>\n<!-- \/ Yoast SEO plugin. -->","yoast_head_json":{"title":"Michel Drucker apporte son soutien \u00e0 CNews : vers la fin du politiquement correct - # WEBTUBE.fr","robots":{"index":"index","follow":"follow","max-snippet":"max-snippet:-1","max-image-preview":"max-image-preview:large","max-video-preview":"max-video-preview:-1"},"canonical":"https:\/\/webtube.fr\/index.php\/2021\/06\/29\/michel-drucker-apporte-son-soutien-a-cnews-vers-la-fin-du-politiquement-correct\/","og_locale":"fr_FR","og_type":"article","og_title":"Michel Drucker apporte son soutien \u00e0 CNews : vers la fin du politiquement correct - # WEBTUBE.fr","og_description":"Articles\u00a0: Juin 2021 &#8211; Mai 2021 &#8211; Avr. 2021 \u2013 Mar.2021 \u2013 Fev.2021 Il ne manquait plus \u00e0&nbsp;CNews&nbsp;que la b\u00e9n\u00e9diction de l\u2019archev\u00eaque de l\u2019audiovisuel\u2026 c\u2019est chose faite. Dans une interview, Monseigneur&nbsp;Michel&nbsp;Drucker a oint de son cirage miraculeux quelques figures incontournables de la cha\u00eene. Au cours de l\u2019\u00e9mission \u00ab L\u2019Instant Deluxe \u00bb, d\u2019un geste auguste, l\u2019inamovible &hellip; Continuer la lecture de &laquo;&nbsp;Michel Drucker apporte son soutien \u00e0 CNews : vers la fin du politiquement correct&nbsp;&raquo;","og_url":"https:\/\/webtube.fr\/index.php\/2021\/06\/29\/michel-drucker-apporte-son-soutien-a-cnews-vers-la-fin-du-politiquement-correct\/","og_site_name":"# WEBTUBE.fr","article_publisher":"https:\/\/www.facebook.com\/profile.php?id=100069673161887","article_published_time":"2021-06-29T08:42:31+00:00","og_image":[{"url":"https:\/\/www.bvoltaire.fr\/media\/2021\/06\/drucker.png","type":"","width":"","height":""}],"author":"admin5851","twitter_card":"summary_large_image","twitter_creator":"@OrtfNews","twitter_site":"@OrtfNews","twitter_misc":{"\u00c9crit par":"admin5851","Dur\u00e9e de lecture estim\u00e9e":"2 minutes"},"schema":{"@context":"https:\/\/schema.org","@graph":[{"@type":"Article","@id":"https:\/\/webtube.fr\/index.php\/2021\/06\/29\/michel-drucker-apporte-son-soutien-a-cnews-vers-la-fin-du-politiquement-correct\/#article","isPartOf":{"@id":"https:\/\/webtube.fr\/index.php\/2021\/06\/29\/michel-drucker-apporte-son-soutien-a-cnews-vers-la-fin-du-politiquement-correct\/"},"author":{"name":"admin5851","@id":"https:\/\/webtube.fr\/#\/schema\/person\/dcc633686e0e2a79a6bf7b92c9507618"},"headline":"Michel Drucker apporte son soutien \u00e0 CNews : vers la fin du politiquement correct","datePublished":"2021-06-29T08:42:31+00:00","mainEntityOfPage":{"@id":"https:\/\/webtube.fr\/index.php\/2021\/06\/29\/michel-drucker-apporte-son-soutien-a-cnews-vers-la-fin-du-politiquement-correct\/"},"wordCount":355,"commentCount":0,"publisher":{"@id":"https:\/\/webtube.fr\/#organization"},"image":{"@id":"https:\/\/webtube.fr\/index.php\/2021\/06\/29\/michel-drucker-apporte-son-soutien-a-cnews-vers-la-fin-du-politiquement-correct\/#primaryimage"},"thumbnailUrl":"https:\/\/www.bvoltaire.fr\/media\/2021\/06\/drucker.png","inLanguage":"fr-FR","potentialAction":[{"@type":"CommentAction","name":"Comment","target":["https:\/\/webtube.fr\/index.php\/2021\/06\/29\/michel-drucker-apporte-son-soutien-a-cnews-vers-la-fin-du-politiquement-correct\/#respond"]}]},{"@type":"WebPage","@id":"https:\/\/webtube.fr\/index.php\/2021\/06\/29\/michel-drucker-apporte-son-soutien-a-cnews-vers-la-fin-du-politiquement-correct\/","url":"https:\/\/webtube.fr\/index.php\/2021\/06\/29\/michel-drucker-apporte-son-soutien-a-cnews-vers-la-fin-du-politiquement-correct\/","name":"Michel Drucker apporte son soutien \u00e0 CNews : vers la fin du politiquement correct - # WEBTUBE.fr","isPartOf":{"@id":"https:\/\/webtube.fr\/#website"},"primaryImageOfPage":{"@id":"https:\/\/webtube.fr\/index.php\/2021\/06\/29\/michel-drucker-apporte-son-soutien-a-cnews-vers-la-fin-du-politiquement-correct\/#primaryimage"},"image":{"@id":"https:\/\/webtube.fr\/index.php\/2021\/06\/29\/michel-drucker-apporte-son-soutien-a-cnews-vers-la-fin-du-politiquement-correct\/#primaryimage"},"thumbnailUrl":"https:\/\/www.bvoltaire.fr\/media\/2021\/06\/drucker.png","datePublished":"2021-06-29T08:42:31+00:00","breadcrumb":{"@id":"https:\/\/webtube.fr\/index.php\/2021\/06\/29\/michel-drucker-apporte-son-soutien-a-cnews-vers-la-fin-du-politiquement-correct\/#breadcrumb"},"inLanguage":"fr-FR","potentialAction":[{"@type":"ReadAction","target":["https:\/\/webtube.fr\/index.php\/2021\/06\/29\/michel-drucker-apporte-son-soutien-a-cnews-vers-la-fin-du-politiquement-correct\/"]}]},{"@type":"ImageObject","inLanguage":"fr-FR","@id":"https:\/\/webtube.fr\/index.php\/2021\/06\/29\/michel-drucker-apporte-son-soutien-a-cnews-vers-la-fin-du-politiquement-correct\/#primaryimage","url":"https:\/\/www.bvoltaire.fr\/media\/2021\/06\/drucker.png","contentUrl":"https:\/\/www.bvoltaire.fr\/media\/2021\/06\/drucker.png"},{"@type":"BreadcrumbList","@id":"https:\/\/webtube.fr\/index.php\/2021\/06\/29\/michel-drucker-apporte-son-soutien-a-cnews-vers-la-fin-du-politiquement-correct\/#breadcrumb","itemListElement":[{"@type":"ListItem","position":1,"name":"Accueil","item":"https:\/\/webtube.fr\/"},{"@type":"ListItem","position":2,"name":"Michel Drucker apporte son soutien \u00e0 CNews : vers la fin du politiquement correct"}]},{"@type":"WebSite","@id":"https:\/\/webtube.fr\/#website","url":"https:\/\/webtube.fr\/","name":"WEBTUBE","description":"WEBTUBE.fr  Streaming Vid\u00e9o and News , toutes les infos sans filtres !","publisher":{"@id":"https:\/\/webtube.fr\/#organization"},"alternateName":"Rutube","potentialAction":[{"@type":"SearchAction","target":{"@type":"EntryPoint","urlTemplate":"https:\/\/webtube.fr\/?s={search_term_string}"},"query-input":{"@type":"PropertyValueSpecification","valueRequired":true,"valueName":"search_term_string"}}],"inLanguage":"fr-FR"},{"@type":"Organization","@id":"https:\/\/webtube.fr\/#organization","name":"# WEBTUBE.fr","url":"https:\/\/webtube.fr\/","logo":{"@type":"ImageObject","inLanguage":"fr-FR","@id":"https:\/\/webtube.fr\/#\/schema\/logo\/image\/","url":"https:\/\/webtube.fr\/wp-content\/uploads\/2025\/09\/cropped-Logo_webtubeIA-1.jpg","contentUrl":"https:\/\/webtube.fr\/wp-content\/uploads\/2025\/09\/cropped-Logo_webtubeIA-1.jpg","width":240,"height":240,"caption":"# WEBTUBE.fr"},"image":{"@id":"https:\/\/webtube.fr\/#\/schema\/logo\/image\/"},"sameAs":["https:\/\/www.facebook.com\/profile.php?id=100069673161887","https:\/\/x.com\/OrtfNews","https:\/\/www.facebook.com\/profile.php?id=100013751440523"]},{"@type":"Person","@id":"https:\/\/webtube.fr\/#\/schema\/person\/dcc633686e0e2a79a6bf7b92c9507618","name":"admin5851","image":{"@type":"ImageObject","inLanguage":"fr-FR","@id":"https:\/\/secure.gravatar.com\/avatar\/ea1b672a827879c0febb022a108a871292b3d08fadc66a0a43fa47acfe82e38a?s=96&d=mm&r=g","url":"https:\/\/secure.gravatar.com\/avatar\/ea1b672a827879c0febb022a108a871292b3d08fadc66a0a43fa47acfe82e38a?s=96&d=mm&r=g","contentUrl":"https:\/\/secure.gravatar.com\/avatar\/ea1b672a827879c0febb022a108a871292b3d08fadc66a0a43fa47acfe82e38a?s=96&d=mm&r=g","caption":"admin5851"},"sameAs":["http:\/\/linlcju.cluster100.hosting.ovh.net"],"url":"https:\/\/webtube.fr\/index.php\/author\/admin5851\/"}]}},"jetpack_featured_media_url":"","jetpack_sharing_enabled":true,"_links":{"self":[{"href":"https:\/\/webtube.fr\/index.php\/wp-json\/wp\/v2\/posts\/11523","targetHints":{"allow":["GET"]}}],"collection":[{"href":"https:\/\/webtube.fr\/index.php\/wp-json\/wp\/v2\/posts"}],"about":[{"href":"https:\/\/webtube.fr\/index.php\/wp-json\/wp\/v2\/types\/post"}],"author":[{"embeddable":true,"href":"https:\/\/webtube.fr\/index.php\/wp-json\/wp\/v2\/users\/1"}],"replies":[{"embeddable":true,"href":"https:\/\/webtube.fr\/index.php\/wp-json\/wp\/v2\/comments?post=11523"}],"version-history":[{"count":0,"href":"https:\/\/webtube.fr\/index.php\/wp-json\/wp\/v2\/posts\/11523\/revisions"}],"wp:attachment":[{"href":"https:\/\/webtube.fr\/index.php\/wp-json\/wp\/v2\/media?parent=11523"}],"wp:term":[{"taxonomy":"category","embeddable":true,"href":"https:\/\/webtube.fr\/index.php\/wp-json\/wp\/v2\/categories?post=11523"},{"taxonomy":"post_tag","embeddable":true,"href":"https:\/\/webtube.fr\/index.php\/wp-json\/wp\/v2\/tags?post=11523"}],"curies":[{"name":"wp","href":"https:\/\/api.w.org\/{rel}","templated":true}]}}