{"id":10768,"date":"2021-04-24T10:00:19","date_gmt":"2021-04-24T08:00:19","guid":{"rendered":"http:\/\/rutube.fr\/?p=10768"},"modified":"2021-04-24T10:00:19","modified_gmt":"2021-04-24T08:00:19","slug":"lheure-est-grave-la-france-est-en-peril-plusieurs-dangers-mortels-la-menacent-des-militaires-interpellent-la-classe-politique","status":"publish","type":"post","link":"https:\/\/webtube.fr\/index.php\/2021\/04\/24\/lheure-est-grave-la-france-est-en-peril-plusieurs-dangers-mortels-la-menacent-des-militaires-interpellent-la-classe-politique\/","title":{"rendered":"\u00ab L\u2019heure est grave, la France est en p\u00e9ril, plusieurs dangers mortels la menacent \u00bb : des militaires interpellent la classe politique"},"content":{"rendered":"\n<figure><iframe loading=\"lazy\" width=\"800\" height=\"200\" src=\"http:\/\/www.weboomedia.fr\/RutubeStreaming1.htm\" frameborder=\"N\" scrolling=\"no\"><\/iframe><\/figure>\n\n\n\n<p>Articles\u00a0: <a href=\"http:\/\/rutube.fr\/2021\/04\/\">Avr. 2021<\/a> \u2013 <a href=\"http:\/\/rutube.fr\/2021\/03\/\">Mar.2021<\/a> \u2013 <a href=\"http:\/\/rutube.fr\/2021\/02\/\">Fev.2021<\/a> \u2013 <a href=\"http:\/\/rutube.fr\/2021\/01\/\">Jan.2021<\/a><\/p>\n\n\n\n<figure class=\"wp-block-image size-large\"><img decoding=\"async\" src=\"https:\/\/www.breizh-info.com\/wp-content\/uploads\/2021\/04\/drapeau_francais-696x522.jpg\" alt=\"\"\/><\/figure>\n\n\n\n<p><strong><em>\u00c0 l\u2019initiative de Jean-Pierre Fabre-Bernadac, officier de carri\u00e8re et responsable du site\u00a0<a href=\"https:\/\/www.place-armes.fr\/blog\">Place Armes<\/a>,\u00a0une vingtaine de g\u00e9n\u00e9raux, une centaine d\u2019officiers \u00a0et plus d\u2019un millier d\u2019autres militaires ont sign\u00e9 un appel pour \u00ab\u00a0un retour de l\u2019honneur et du devoir au sein de la classe politique \u00bb. Breizh-info reprend bien volontiers cet appel.<\/em><\/strong><\/p>\n\n\n\n<figure class=\"wp-block-image size-large\"><img decoding=\"async\" src=\"https:\/\/www.breizh-info.com\/wp-content\/uploads\/2021\/04\/soldats-1-1.jpg.webp\" alt=\"\"\/><\/figure>\n\n\n\n<p>Monsieur le Pr\u00e9sident,<\/p>\n\n\n\n<p>Mesdames, Messieurs du gouvernement,<\/p>\n\n\n\n<p>Mesdames, Messieurs les parlementaires,<\/p>\n\n\n\n<p>L\u2019heure est grave, la France est en p\u00e9ril, plusieurs dangers mortels la menacent. Nous qui, m\u00eame \u00e0 la retraite, restons des soldats de France, ne pouvons, dans les circonstances actuelles, demeurer indiff\u00e9rents au sort de notre beau pays.<\/p>\n\n\n\n<p>Nos drapeaux tricolores ne sont pas simplement un morceau d\u2019\u00e9toffe, ils symbolisent la tradition, \u00e0 travers les \u00e2ges, de ceux qui, quelles que soient leurs couleurs de peau ou leurs confessions, ont servi la France et ont donn\u00e9 leur vie pour elle. Sur ces drapeaux, nous trouvons en lettres d\u2019or les mots \u00ab Honneur et Patrie \u00bb. Or, notre honneur aujourd\u2019hui tient dans la d\u00e9nonciation du d\u00e9litement qui frappe notre patrie.<\/p>\n\n\n\n<p>\u2013 D\u00e9litement qui, \u00e0 travers un certain antiracisme, s\u2019affiche dans un seul but : cr\u00e9er sur notre sol un mal-\u00eatre, voire une haine entre les communaut\u00e9s. Aujourd\u2019hui, certains parlent de racialisme, d\u2019indig\u00e9nisme et de th\u00e9ories d\u00e9coloniales, mais \u00e0 travers ces termes c\u2019est la guerre raciale que veulent ces partisans haineux et fanatiques. Ils m\u00e9prisent notre pays, ses traditions, sa culture, et veulent le voir se dissoudre en lui arrachant son pass\u00e9 et son histoire. Ainsi s\u2019en prennent-ils, par le biais de statues, \u00e0 d\u2019anciennes gloires militaires et civiles en analysant des propos vieux de plusieurs si\u00e8cles.<\/p>\n\n\n\n<p>\u2013 D\u00e9litement qui, avec l\u2019islamisme et les hordes de banlieue, entra\u00eene le d\u00e9tachement de multiples parcelles de la nation pour les transformer en territoires soumis \u00e0 des dogmes contraires \u00e0 notre constitution. Or, chaque Fran\u00e7ais, quelle que soit sa croyance ou sa non-croyance, est partout chez lui dans l\u2019Hexagone ; il ne peut et ne doit exister aucune ville, aucun quartier o\u00f9 les lois de la R\u00e9publique ne s\u2019appliquent pas.<\/p>\n\n\n\n<p>\u2013 D\u00e9litement, car la haine prend le pas sur la fraternit\u00e9 lors de manifestations o\u00f9 le pouvoir utilise les forces de l\u2019ordre comme agents suppl\u00e9tifs et boucs \u00e9missaires face \u00e0 des Fran\u00e7ais en gilets jaunes exprimant leurs d\u00e9sespoirs. Ceci alors que des individus infiltr\u00e9s et encagoul\u00e9s saccagent des commerces et menacent ces m\u00eames forces de l\u2019ordre. Pourtant, ces derni\u00e8res ne font qu\u2019appliquer les directives, parfois contradictoires, donn\u00e9es par vous, gouvernants.<\/p>\n\n\n\n<p>Les p\u00e9rils montent, la violence s\u2019accro\u00eet de jour en jour. Qui aurait pr\u00e9dit il y a dix ans qu\u2019un professeur serait un jour d\u00e9capit\u00e9 \u00e0 la sortie de son coll\u00e8ge ? Or, nous, serviteurs de la Nation, qui avons toujours \u00e9t\u00e9 pr\u00eats \u00e0 mettre notre peau au bout de notre engagement \u2013 comme l\u2019exigeait notre \u00e9tat militaire, ne pouvons \u00eatre devant de tels agissements des spectateurs passifs.<\/p>\n\n\n\n<p>Aussi, ceux qui dirigent notre pays doivent imp\u00e9rativement trouver le courage n\u00e9cessaire \u00e0 l\u2019\u00e9radication de ces dangers. Pour cela, il suffit souvent d\u2019appliquer sans faiblesse des lois qui existent d\u00e9j\u00e0. N\u2019oubliez pas que, comme nous, une grande majorit\u00e9 de nos concitoyens est exc\u00e9d\u00e9e par vos louvoiements et vos silences coupables.<\/p>\n\n\n\n<p>Comme le disait le cardinal Mercier, primat de Belgique : \u00ab Quand la prudence est partout, le courage n\u2019est nulle part. \u00bb Alors, Mesdames, Messieurs, assez d\u2019atermoiements, l\u2019heure est grave, le travail est colossal ; ne perdez pas de temps et sachez que nous sommes dispos\u00e9s \u00e0 soutenir les politiques qui prendront en consid\u00e9ration la sauvegarde de la nation.<\/p>\n\n\n\n<p>Par contre, si rien n\u2019est entrepris, le laxisme continuera \u00e0 se r\u00e9pandre inexorablement dans la soci\u00e9t\u00e9, provoquant au final une explosion et l\u2019intervention de nos camarades d\u2019active dans une mission p\u00e9rilleuse de protection de nos valeurs civilisationnelles et de sauvegarde de nos compatriotes sur le territoire national.<\/p>\n\n\n\n<p>On le voit, il n\u2019est plus temps de tergiverser, sinon, demain la guerre civile mettra un terme \u00e0 ce chaos croissant, et les morts, dont vous porterez la responsabilit\u00e9, se compteront par milliers.<\/p>\n\n\n\n<p>Les g\u00e9n\u00e9raux signataires :<\/p>\n\n\n\n<p>G\u00e9n\u00e9ral de Corps d\u2019Arm\u00e9e (ER) Christian PIQUEMAL (L\u00e9gion \u00c9trang\u00e8re), g\u00e9n\u00e9ral de Corps d\u2019Arm\u00e9e (2S) Gilles BARRIE (Infanterie), g\u00e9n\u00e9ral de Division (2S) Fran\u00e7ois GAUBERT ancien Gouverneur militaire de Lille, g\u00e9n\u00e9ral de Division (2S) Emmanuel de RICHOUFFTZ (Infanterie), g\u00e9n\u00e9ral de Division (2S) Michel JOSLIN DE NORAY (Troupes de Marine), g\u00e9n\u00e9ral de Brigade (2S) Andr\u00e9 COUSTOU (Infanterie), g\u00e9n\u00e9ral de Brigade (2S) Philippe DESROUSSEAUX de MEDRANO (Train), g\u00e9n\u00e9ral de Brigade A\u00e9rienne (2S) Antoine MARTINEZ (Arm\u00e9e de l\u2019air), g\u00e9n\u00e9ral de Brigade A\u00e9rienne (2S) Daniel GROSMAIRE (Arm\u00e9e de l\u2019air), g\u00e9n\u00e9ral de Brigade (2S) Robert JEANNEROD (Cavalerie), g\u00e9n\u00e9ral de Brigade (2S) Pierre Dominique AIGUEPERSE (Infanterie), g\u00e9n\u00e9ral de Brigade (2S) Roland DUBOIS (Transmissions), g\u00e9n\u00e9ral de Brigade (2S) Dominique DELAWARDE (Infanterie), g\u00e9n\u00e9ral de Brigade (2S) Jean Claude GROLIER (Artillerie), g\u00e9n\u00e9ral de Brigade (2S) Norbert de CACQUERAY (Direction G\u00e9n\u00e9rale de l\u2019Armement), g\u00e9n\u00e9ral de Brigade (2S) Roger PRIGENT (ALAT),\u00a0 g\u00e9n\u00e9ral de Brigade (2S) Alfred LEBRETON (CAT), m\u00e9decin G\u00e9n\u00e9ral (2S) Guy DURAND (Service de Sant\u00e9 des Arm\u00e9es), contre-amiral (2S) G\u00e9rard BALASTRE (Marine Nationale).<\/p>\n\n\n\n<p>Source, Breizh-info<\/p>\n\n\n\n<figure><iframe loading=\"lazy\" width=\"800\" height=\"200\" src=\"http:\/\/www.weboomedia.fr\/RutubeStreaming1.htm\" frameborder=\"N\" scrolling=\"no\"><\/iframe><\/figure>\n<!-- ADDFREESTATS.COM AUTOCODE V4.0 -->\n<script type=\"text\/javascript\">\n<!--\nvar AFS_Account=\"00636949\";\nvar AFS_Tracker=\"auto\";\nvar AFS_Server=\"www6\";\nvar AFS_Page=\"DetectName\";\nvar AFS_Url=\"DetectUrl\";\n\/\/ -->\n<\/script>\n<script type=\"text\/javascript\" src=\"http:\/\/www6.addfreestats.com\/cgi-bin\/afstrack.cgi?usr=00636949\">\n<\/script>\n<noscript>\n<a href=\"http:\/\/www.addfreestats.com\">\n<img decoding=\"async\" src=\"http:\/\/www6.addfreestats.com\/cgi-bin\/connect.cgi?usr=00636949Pauto\" border=\"0\" alt=\"AddFreeStats.com Free Web Stats!\">Web Stats<\/a>\n<\/noscript>\n\n<!-- ENDADDFREESTATS.COM AUTOCODE V4.0  \u2192\n","protected":false},"excerpt":{"rendered":"<p>Articles\u00a0: Avr. 2021 \u2013 Mar.2021 \u2013 Fev.2021 \u2013 Jan.2021 \u00c0 l\u2019initiative de Jean-Pierre Fabre-Bernadac, officier de carri\u00e8re et responsable du site\u00a0Place Armes,\u00a0une vingtaine de g\u00e9n\u00e9raux, une centaine d\u2019officiers \u00a0et plus d\u2019un millier d\u2019autres militaires ont sign\u00e9 un appel pour \u00ab\u00a0un retour de l\u2019honneur et du devoir au sein de la classe politique \u00bb. Breizh-info reprend &hellip; <a href=\"https:\/\/webtube.fr\/index.php\/2021\/04\/24\/lheure-est-grave-la-france-est-en-peril-plusieurs-dangers-mortels-la-menacent-des-militaires-interpellent-la-classe-politique\/\" class=\"more-link\">Continuer la lecture<span class=\"screen-reader-text\"> de &laquo;&nbsp;\u00ab L\u2019heure est grave, la France est en p\u00e9ril, plusieurs dangers mortels la menacent \u00bb : des militaires interpellent la classe politique&nbsp;&raquo;<\/span><\/a><\/p>\n","protected":false},"author":1,"featured_media":0,"comment_status":"open","ping_status":"open","sticky":false,"template":"","format":"standard","meta":{"_jetpack_memberships_contains_paid_content":false,"footnotes":""},"categories":[2],"tags":[],"class_list":["post-10768","post","type-post","status-publish","format-standard","hentry","category-non-classe"],"yoast_head":"<!-- This site is optimized with the Yoast SEO plugin v27.3 - https:\/\/yoast.com\/product\/yoast-seo-wordpress\/ -->\n<title>\u00ab L\u2019heure est grave, la France est en p\u00e9ril, plusieurs dangers mortels la menacent \u00bb : des militaires interpellent la classe politique - # WEBTUBE.fr<\/title>\n<meta name=\"robots\" content=\"index, follow, max-snippet:-1, max-image-preview:large, max-video-preview:-1\" \/>\n<link rel=\"canonical\" href=\"https:\/\/webtube.fr\/index.php\/2021\/04\/24\/lheure-est-grave-la-france-est-en-peril-plusieurs-dangers-mortels-la-menacent-des-militaires-interpellent-la-classe-politique\/\" \/>\n<meta property=\"og:locale\" content=\"fr_FR\" \/>\n<meta property=\"og:type\" content=\"article\" \/>\n<meta property=\"og:title\" content=\"\u00ab L\u2019heure est grave, la France est en p\u00e9ril, plusieurs dangers mortels la menacent \u00bb : des militaires interpellent la classe politique - # WEBTUBE.fr\" \/>\n<meta property=\"og:description\" content=\"Articles\u00a0: Avr. 2021 \u2013 Mar.2021 \u2013 Fev.2021 \u2013 Jan.2021 \u00c0 l\u2019initiative de Jean-Pierre Fabre-Bernadac, officier de carri\u00e8re et responsable du site\u00a0Place Armes,\u00a0une vingtaine de g\u00e9n\u00e9raux, une centaine d\u2019officiers \u00a0et plus d\u2019un millier d\u2019autres militaires ont sign\u00e9 un appel pour \u00ab\u00a0un retour de l\u2019honneur et du devoir au sein de la classe politique \u00bb. Breizh-info reprend &hellip; Continuer la lecture de &laquo;&nbsp;\u00ab L\u2019heure est grave, la France est en p\u00e9ril, plusieurs dangers mortels la menacent \u00bb : des militaires interpellent la classe politique&nbsp;&raquo;\" \/>\n<meta property=\"og:url\" content=\"https:\/\/webtube.fr\/index.php\/2021\/04\/24\/lheure-est-grave-la-france-est-en-peril-plusieurs-dangers-mortels-la-menacent-des-militaires-interpellent-la-classe-politique\/\" \/>\n<meta property=\"og:site_name\" content=\"# WEBTUBE.fr\" \/>\n<meta property=\"article:publisher\" content=\"https:\/\/www.facebook.com\/profile.php?id=100069673161887\" \/>\n<meta property=\"article:published_time\" content=\"2021-04-24T08:00:19+00:00\" \/>\n<meta property=\"og:image\" content=\"https:\/\/www.breizh-info.com\/wp-content\/uploads\/2021\/04\/drapeau_francais-696x522.jpg\" \/>\n<meta name=\"author\" content=\"admin5851\" \/>\n<meta name=\"twitter:card\" content=\"summary_large_image\" \/>\n<meta name=\"twitter:creator\" content=\"@OrtfNews\" \/>\n<meta name=\"twitter:site\" content=\"@OrtfNews\" \/>\n<meta name=\"twitter:label1\" content=\"\u00c9crit par\" \/>\n\t<meta name=\"twitter:data1\" content=\"admin5851\" \/>\n\t<meta name=\"twitter:label2\" content=\"Dur\u00e9e de lecture estim\u00e9e\" \/>\n\t<meta name=\"twitter:data2\" content=\"5 minutes\" \/>\n<script type=\"application\/ld+json\" class=\"yoast-schema-graph\">{\"@context\":\"https:\\\/\\\/schema.org\",\"@graph\":[{\"@type\":\"Article\",\"@id\":\"https:\\\/\\\/webtube.fr\\\/index.php\\\/2021\\\/04\\\/24\\\/lheure-est-grave-la-france-est-en-peril-plusieurs-dangers-mortels-la-menacent-des-militaires-interpellent-la-classe-politique\\\/#article\",\"isPartOf\":{\"@id\":\"https:\\\/\\\/webtube.fr\\\/index.php\\\/2021\\\/04\\\/24\\\/lheure-est-grave-la-france-est-en-peril-plusieurs-dangers-mortels-la-menacent-des-militaires-interpellent-la-classe-politique\\\/\"},\"author\":{\"name\":\"admin5851\",\"@id\":\"https:\\\/\\\/webtube.fr\\\/#\\\/schema\\\/person\\\/dcc633686e0e2a79a6bf7b92c9507618\"},\"headline\":\"\u00ab L\u2019heure est grave, la France est en p\u00e9ril, plusieurs dangers mortels la menacent \u00bb : des militaires interpellent la classe politique\",\"datePublished\":\"2021-04-24T08:00:19+00:00\",\"mainEntityOfPage\":{\"@id\":\"https:\\\/\\\/webtube.fr\\\/index.php\\\/2021\\\/04\\\/24\\\/lheure-est-grave-la-france-est-en-peril-plusieurs-dangers-mortels-la-menacent-des-militaires-interpellent-la-classe-politique\\\/\"},\"wordCount\":968,\"commentCount\":0,\"publisher\":{\"@id\":\"https:\\\/\\\/webtube.fr\\\/#organization\"},\"image\":{\"@id\":\"https:\\\/\\\/webtube.fr\\\/index.php\\\/2021\\\/04\\\/24\\\/lheure-est-grave-la-france-est-en-peril-plusieurs-dangers-mortels-la-menacent-des-militaires-interpellent-la-classe-politique\\\/#primaryimage\"},\"thumbnailUrl\":\"https:\\\/\\\/www.breizh-info.com\\\/wp-content\\\/uploads\\\/2021\\\/04\\\/drapeau_francais-696x522.jpg\",\"inLanguage\":\"fr-FR\",\"potentialAction\":[{\"@type\":\"CommentAction\",\"name\":\"Comment\",\"target\":[\"https:\\\/\\\/webtube.fr\\\/index.php\\\/2021\\\/04\\\/24\\\/lheure-est-grave-la-france-est-en-peril-plusieurs-dangers-mortels-la-menacent-des-militaires-interpellent-la-classe-politique\\\/#respond\"]}]},{\"@type\":\"WebPage\",\"@id\":\"https:\\\/\\\/webtube.fr\\\/index.php\\\/2021\\\/04\\\/24\\\/lheure-est-grave-la-france-est-en-peril-plusieurs-dangers-mortels-la-menacent-des-militaires-interpellent-la-classe-politique\\\/\",\"url\":\"https:\\\/\\\/webtube.fr\\\/index.php\\\/2021\\\/04\\\/24\\\/lheure-est-grave-la-france-est-en-peril-plusieurs-dangers-mortels-la-menacent-des-militaires-interpellent-la-classe-politique\\\/\",\"name\":\"\u00ab L\u2019heure est grave, la France est en p\u00e9ril, plusieurs dangers mortels la menacent \u00bb : des militaires interpellent la classe politique - # WEBTUBE.fr\",\"isPartOf\":{\"@id\":\"https:\\\/\\\/webtube.fr\\\/#website\"},\"primaryImageOfPage\":{\"@id\":\"https:\\\/\\\/webtube.fr\\\/index.php\\\/2021\\\/04\\\/24\\\/lheure-est-grave-la-france-est-en-peril-plusieurs-dangers-mortels-la-menacent-des-militaires-interpellent-la-classe-politique\\\/#primaryimage\"},\"image\":{\"@id\":\"https:\\\/\\\/webtube.fr\\\/index.php\\\/2021\\\/04\\\/24\\\/lheure-est-grave-la-france-est-en-peril-plusieurs-dangers-mortels-la-menacent-des-militaires-interpellent-la-classe-politique\\\/#primaryimage\"},\"thumbnailUrl\":\"https:\\\/\\\/www.breizh-info.com\\\/wp-content\\\/uploads\\\/2021\\\/04\\\/drapeau_francais-696x522.jpg\",\"datePublished\":\"2021-04-24T08:00:19+00:00\",\"breadcrumb\":{\"@id\":\"https:\\\/\\\/webtube.fr\\\/index.php\\\/2021\\\/04\\\/24\\\/lheure-est-grave-la-france-est-en-peril-plusieurs-dangers-mortels-la-menacent-des-militaires-interpellent-la-classe-politique\\\/#breadcrumb\"},\"inLanguage\":\"fr-FR\",\"potentialAction\":[{\"@type\":\"ReadAction\",\"target\":[\"https:\\\/\\\/webtube.fr\\\/index.php\\\/2021\\\/04\\\/24\\\/lheure-est-grave-la-france-est-en-peril-plusieurs-dangers-mortels-la-menacent-des-militaires-interpellent-la-classe-politique\\\/\"]}]},{\"@type\":\"ImageObject\",\"inLanguage\":\"fr-FR\",\"@id\":\"https:\\\/\\\/webtube.fr\\\/index.php\\\/2021\\\/04\\\/24\\\/lheure-est-grave-la-france-est-en-peril-plusieurs-dangers-mortels-la-menacent-des-militaires-interpellent-la-classe-politique\\\/#primaryimage\",\"url\":\"https:\\\/\\\/www.breizh-info.com\\\/wp-content\\\/uploads\\\/2021\\\/04\\\/drapeau_francais-696x522.jpg\",\"contentUrl\":\"https:\\\/\\\/www.breizh-info.com\\\/wp-content\\\/uploads\\\/2021\\\/04\\\/drapeau_francais-696x522.jpg\"},{\"@type\":\"BreadcrumbList\",\"@id\":\"https:\\\/\\\/webtube.fr\\\/index.php\\\/2021\\\/04\\\/24\\\/lheure-est-grave-la-france-est-en-peril-plusieurs-dangers-mortels-la-menacent-des-militaires-interpellent-la-classe-politique\\\/#breadcrumb\",\"itemListElement\":[{\"@type\":\"ListItem\",\"position\":1,\"name\":\"Accueil\",\"item\":\"https:\\\/\\\/webtube.fr\\\/\"},{\"@type\":\"ListItem\",\"position\":2,\"name\":\"\u00ab L\u2019heure est grave, la France est en p\u00e9ril, plusieurs dangers mortels la menacent \u00bb : des militaires interpellent la classe politique\"}]},{\"@type\":\"WebSite\",\"@id\":\"https:\\\/\\\/webtube.fr\\\/#website\",\"url\":\"https:\\\/\\\/webtube.fr\\\/\",\"name\":\"WEBTUBE\",\"description\":\"WEBTUBE.fr  Streaming Vid\u00e9o and News , toutes les infos sans filtres !\",\"publisher\":{\"@id\":\"https:\\\/\\\/webtube.fr\\\/#organization\"},\"alternateName\":\"Rutube\",\"potentialAction\":[{\"@type\":\"SearchAction\",\"target\":{\"@type\":\"EntryPoint\",\"urlTemplate\":\"https:\\\/\\\/webtube.fr\\\/?s={search_term_string}\"},\"query-input\":{\"@type\":\"PropertyValueSpecification\",\"valueRequired\":true,\"valueName\":\"search_term_string\"}}],\"inLanguage\":\"fr-FR\"},{\"@type\":\"Organization\",\"@id\":\"https:\\\/\\\/webtube.fr\\\/#organization\",\"name\":\"# WEBTUBE.fr\",\"url\":\"https:\\\/\\\/webtube.fr\\\/\",\"logo\":{\"@type\":\"ImageObject\",\"inLanguage\":\"fr-FR\",\"@id\":\"https:\\\/\\\/webtube.fr\\\/#\\\/schema\\\/logo\\\/image\\\/\",\"url\":\"https:\\\/\\\/webtube.fr\\\/wp-content\\\/uploads\\\/2025\\\/09\\\/cropped-Logo_webtubeIA-1.jpg\",\"contentUrl\":\"https:\\\/\\\/webtube.fr\\\/wp-content\\\/uploads\\\/2025\\\/09\\\/cropped-Logo_webtubeIA-1.jpg\",\"width\":240,\"height\":240,\"caption\":\"# WEBTUBE.fr\"},\"image\":{\"@id\":\"https:\\\/\\\/webtube.fr\\\/#\\\/schema\\\/logo\\\/image\\\/\"},\"sameAs\":[\"https:\\\/\\\/www.facebook.com\\\/profile.php?id=100069673161887\",\"https:\\\/\\\/x.com\\\/OrtfNews\",\"https:\\\/\\\/www.facebook.com\\\/profile.php?id=100013751440523\"]},{\"@type\":\"Person\",\"@id\":\"https:\\\/\\\/webtube.fr\\\/#\\\/schema\\\/person\\\/dcc633686e0e2a79a6bf7b92c9507618\",\"name\":\"admin5851\",\"image\":{\"@type\":\"ImageObject\",\"inLanguage\":\"fr-FR\",\"@id\":\"https:\\\/\\\/secure.gravatar.com\\\/avatar\\\/ea1b672a827879c0febb022a108a871292b3d08fadc66a0a43fa47acfe82e38a?s=96&d=mm&r=g\",\"url\":\"https:\\\/\\\/secure.gravatar.com\\\/avatar\\\/ea1b672a827879c0febb022a108a871292b3d08fadc66a0a43fa47acfe82e38a?s=96&d=mm&r=g\",\"contentUrl\":\"https:\\\/\\\/secure.gravatar.com\\\/avatar\\\/ea1b672a827879c0febb022a108a871292b3d08fadc66a0a43fa47acfe82e38a?s=96&d=mm&r=g\",\"caption\":\"admin5851\"},\"sameAs\":[\"http:\\\/\\\/linlcju.cluster100.hosting.ovh.net\"],\"url\":\"https:\\\/\\\/webtube.fr\\\/index.php\\\/author\\\/admin5851\\\/\"}]}<\/script>\n<!-- \/ Yoast SEO plugin. -->","yoast_head_json":{"title":"\u00ab L\u2019heure est grave, la France est en p\u00e9ril, plusieurs dangers mortels la menacent \u00bb : des militaires interpellent la classe politique - # WEBTUBE.fr","robots":{"index":"index","follow":"follow","max-snippet":"max-snippet:-1","max-image-preview":"max-image-preview:large","max-video-preview":"max-video-preview:-1"},"canonical":"https:\/\/webtube.fr\/index.php\/2021\/04\/24\/lheure-est-grave-la-france-est-en-peril-plusieurs-dangers-mortels-la-menacent-des-militaires-interpellent-la-classe-politique\/","og_locale":"fr_FR","og_type":"article","og_title":"\u00ab L\u2019heure est grave, la France est en p\u00e9ril, plusieurs dangers mortels la menacent \u00bb : des militaires interpellent la classe politique - # WEBTUBE.fr","og_description":"Articles\u00a0: Avr. 2021 \u2013 Mar.2021 \u2013 Fev.2021 \u2013 Jan.2021 \u00c0 l\u2019initiative de Jean-Pierre Fabre-Bernadac, officier de carri\u00e8re et responsable du site\u00a0Place Armes,\u00a0une vingtaine de g\u00e9n\u00e9raux, une centaine d\u2019officiers \u00a0et plus d\u2019un millier d\u2019autres militaires ont sign\u00e9 un appel pour \u00ab\u00a0un retour de l\u2019honneur et du devoir au sein de la classe politique \u00bb. Breizh-info reprend &hellip; Continuer la lecture de &laquo;&nbsp;\u00ab L\u2019heure est grave, la France est en p\u00e9ril, plusieurs dangers mortels la menacent \u00bb : des militaires interpellent la classe politique&nbsp;&raquo;","og_url":"https:\/\/webtube.fr\/index.php\/2021\/04\/24\/lheure-est-grave-la-france-est-en-peril-plusieurs-dangers-mortels-la-menacent-des-militaires-interpellent-la-classe-politique\/","og_site_name":"# WEBTUBE.fr","article_publisher":"https:\/\/www.facebook.com\/profile.php?id=100069673161887","article_published_time":"2021-04-24T08:00:19+00:00","og_image":[{"url":"https:\/\/www.breizh-info.com\/wp-content\/uploads\/2021\/04\/drapeau_francais-696x522.jpg","type":"","width":"","height":""}],"author":"admin5851","twitter_card":"summary_large_image","twitter_creator":"@OrtfNews","twitter_site":"@OrtfNews","twitter_misc":{"\u00c9crit par":"admin5851","Dur\u00e9e de lecture estim\u00e9e":"5 minutes"},"schema":{"@context":"https:\/\/schema.org","@graph":[{"@type":"Article","@id":"https:\/\/webtube.fr\/index.php\/2021\/04\/24\/lheure-est-grave-la-france-est-en-peril-plusieurs-dangers-mortels-la-menacent-des-militaires-interpellent-la-classe-politique\/#article","isPartOf":{"@id":"https:\/\/webtube.fr\/index.php\/2021\/04\/24\/lheure-est-grave-la-france-est-en-peril-plusieurs-dangers-mortels-la-menacent-des-militaires-interpellent-la-classe-politique\/"},"author":{"name":"admin5851","@id":"https:\/\/webtube.fr\/#\/schema\/person\/dcc633686e0e2a79a6bf7b92c9507618"},"headline":"\u00ab L\u2019heure est grave, la France est en p\u00e9ril, plusieurs dangers mortels la menacent \u00bb : des militaires interpellent la classe politique","datePublished":"2021-04-24T08:00:19+00:00","mainEntityOfPage":{"@id":"https:\/\/webtube.fr\/index.php\/2021\/04\/24\/lheure-est-grave-la-france-est-en-peril-plusieurs-dangers-mortels-la-menacent-des-militaires-interpellent-la-classe-politique\/"},"wordCount":968,"commentCount":0,"publisher":{"@id":"https:\/\/webtube.fr\/#organization"},"image":{"@id":"https:\/\/webtube.fr\/index.php\/2021\/04\/24\/lheure-est-grave-la-france-est-en-peril-plusieurs-dangers-mortels-la-menacent-des-militaires-interpellent-la-classe-politique\/#primaryimage"},"thumbnailUrl":"https:\/\/www.breizh-info.com\/wp-content\/uploads\/2021\/04\/drapeau_francais-696x522.jpg","inLanguage":"fr-FR","potentialAction":[{"@type":"CommentAction","name":"Comment","target":["https:\/\/webtube.fr\/index.php\/2021\/04\/24\/lheure-est-grave-la-france-est-en-peril-plusieurs-dangers-mortels-la-menacent-des-militaires-interpellent-la-classe-politique\/#respond"]}]},{"@type":"WebPage","@id":"https:\/\/webtube.fr\/index.php\/2021\/04\/24\/lheure-est-grave-la-france-est-en-peril-plusieurs-dangers-mortels-la-menacent-des-militaires-interpellent-la-classe-politique\/","url":"https:\/\/webtube.fr\/index.php\/2021\/04\/24\/lheure-est-grave-la-france-est-en-peril-plusieurs-dangers-mortels-la-menacent-des-militaires-interpellent-la-classe-politique\/","name":"\u00ab L\u2019heure est grave, la France est en p\u00e9ril, plusieurs dangers mortels la menacent \u00bb : des militaires interpellent la classe politique - # WEBTUBE.fr","isPartOf":{"@id":"https:\/\/webtube.fr\/#website"},"primaryImageOfPage":{"@id":"https:\/\/webtube.fr\/index.php\/2021\/04\/24\/lheure-est-grave-la-france-est-en-peril-plusieurs-dangers-mortels-la-menacent-des-militaires-interpellent-la-classe-politique\/#primaryimage"},"image":{"@id":"https:\/\/webtube.fr\/index.php\/2021\/04\/24\/lheure-est-grave-la-france-est-en-peril-plusieurs-dangers-mortels-la-menacent-des-militaires-interpellent-la-classe-politique\/#primaryimage"},"thumbnailUrl":"https:\/\/www.breizh-info.com\/wp-content\/uploads\/2021\/04\/drapeau_francais-696x522.jpg","datePublished":"2021-04-24T08:00:19+00:00","breadcrumb":{"@id":"https:\/\/webtube.fr\/index.php\/2021\/04\/24\/lheure-est-grave-la-france-est-en-peril-plusieurs-dangers-mortels-la-menacent-des-militaires-interpellent-la-classe-politique\/#breadcrumb"},"inLanguage":"fr-FR","potentialAction":[{"@type":"ReadAction","target":["https:\/\/webtube.fr\/index.php\/2021\/04\/24\/lheure-est-grave-la-france-est-en-peril-plusieurs-dangers-mortels-la-menacent-des-militaires-interpellent-la-classe-politique\/"]}]},{"@type":"ImageObject","inLanguage":"fr-FR","@id":"https:\/\/webtube.fr\/index.php\/2021\/04\/24\/lheure-est-grave-la-france-est-en-peril-plusieurs-dangers-mortels-la-menacent-des-militaires-interpellent-la-classe-politique\/#primaryimage","url":"https:\/\/www.breizh-info.com\/wp-content\/uploads\/2021\/04\/drapeau_francais-696x522.jpg","contentUrl":"https:\/\/www.breizh-info.com\/wp-content\/uploads\/2021\/04\/drapeau_francais-696x522.jpg"},{"@type":"BreadcrumbList","@id":"https:\/\/webtube.fr\/index.php\/2021\/04\/24\/lheure-est-grave-la-france-est-en-peril-plusieurs-dangers-mortels-la-menacent-des-militaires-interpellent-la-classe-politique\/#breadcrumb","itemListElement":[{"@type":"ListItem","position":1,"name":"Accueil","item":"https:\/\/webtube.fr\/"},{"@type":"ListItem","position":2,"name":"\u00ab L\u2019heure est grave, la France est en p\u00e9ril, plusieurs dangers mortels la menacent \u00bb : des militaires interpellent la classe politique"}]},{"@type":"WebSite","@id":"https:\/\/webtube.fr\/#website","url":"https:\/\/webtube.fr\/","name":"WEBTUBE","description":"WEBTUBE.fr  Streaming Vid\u00e9o and News , toutes les infos sans filtres !","publisher":{"@id":"https:\/\/webtube.fr\/#organization"},"alternateName":"Rutube","potentialAction":[{"@type":"SearchAction","target":{"@type":"EntryPoint","urlTemplate":"https:\/\/webtube.fr\/?s={search_term_string}"},"query-input":{"@type":"PropertyValueSpecification","valueRequired":true,"valueName":"search_term_string"}}],"inLanguage":"fr-FR"},{"@type":"Organization","@id":"https:\/\/webtube.fr\/#organization","name":"# WEBTUBE.fr","url":"https:\/\/webtube.fr\/","logo":{"@type":"ImageObject","inLanguage":"fr-FR","@id":"https:\/\/webtube.fr\/#\/schema\/logo\/image\/","url":"https:\/\/webtube.fr\/wp-content\/uploads\/2025\/09\/cropped-Logo_webtubeIA-1.jpg","contentUrl":"https:\/\/webtube.fr\/wp-content\/uploads\/2025\/09\/cropped-Logo_webtubeIA-1.jpg","width":240,"height":240,"caption":"# WEBTUBE.fr"},"image":{"@id":"https:\/\/webtube.fr\/#\/schema\/logo\/image\/"},"sameAs":["https:\/\/www.facebook.com\/profile.php?id=100069673161887","https:\/\/x.com\/OrtfNews","https:\/\/www.facebook.com\/profile.php?id=100013751440523"]},{"@type":"Person","@id":"https:\/\/webtube.fr\/#\/schema\/person\/dcc633686e0e2a79a6bf7b92c9507618","name":"admin5851","image":{"@type":"ImageObject","inLanguage":"fr-FR","@id":"https:\/\/secure.gravatar.com\/avatar\/ea1b672a827879c0febb022a108a871292b3d08fadc66a0a43fa47acfe82e38a?s=96&d=mm&r=g","url":"https:\/\/secure.gravatar.com\/avatar\/ea1b672a827879c0febb022a108a871292b3d08fadc66a0a43fa47acfe82e38a?s=96&d=mm&r=g","contentUrl":"https:\/\/secure.gravatar.com\/avatar\/ea1b672a827879c0febb022a108a871292b3d08fadc66a0a43fa47acfe82e38a?s=96&d=mm&r=g","caption":"admin5851"},"sameAs":["http:\/\/linlcju.cluster100.hosting.ovh.net"],"url":"https:\/\/webtube.fr\/index.php\/author\/admin5851\/"}]}},"jetpack_featured_media_url":"","jetpack_sharing_enabled":true,"_links":{"self":[{"href":"https:\/\/webtube.fr\/index.php\/wp-json\/wp\/v2\/posts\/10768","targetHints":{"allow":["GET"]}}],"collection":[{"href":"https:\/\/webtube.fr\/index.php\/wp-json\/wp\/v2\/posts"}],"about":[{"href":"https:\/\/webtube.fr\/index.php\/wp-json\/wp\/v2\/types\/post"}],"author":[{"embeddable":true,"href":"https:\/\/webtube.fr\/index.php\/wp-json\/wp\/v2\/users\/1"}],"replies":[{"embeddable":true,"href":"https:\/\/webtube.fr\/index.php\/wp-json\/wp\/v2\/comments?post=10768"}],"version-history":[{"count":0,"href":"https:\/\/webtube.fr\/index.php\/wp-json\/wp\/v2\/posts\/10768\/revisions"}],"wp:attachment":[{"href":"https:\/\/webtube.fr\/index.php\/wp-json\/wp\/v2\/media?parent=10768"}],"wp:term":[{"taxonomy":"category","embeddable":true,"href":"https:\/\/webtube.fr\/index.php\/wp-json\/wp\/v2\/categories?post=10768"},{"taxonomy":"post_tag","embeddable":true,"href":"https:\/\/webtube.fr\/index.php\/wp-json\/wp\/v2\/tags?post=10768"}],"curies":[{"name":"wp","href":"https:\/\/api.w.org\/{rel}","templated":true}]}}