{"id":10762,"date":"2021-04-24T06:25:02","date_gmt":"2021-04-24T04:25:02","guid":{"rendered":"http:\/\/rutube.fr\/?p=10762"},"modified":"2021-04-24T06:25:02","modified_gmt":"2021-04-24T04:25:02","slug":"la-femme-voilee-pierre-et-lassimilation","status":"publish","type":"post","link":"https:\/\/webtube.fr\/index.php\/2021\/04\/24\/la-femme-voilee-pierre-et-lassimilation\/","title":{"rendered":"La femme voil\u00e9e, Pierre et l\u2019assimilation"},"content":{"rendered":"\n<figure><iframe loading=\"lazy\" width=\"800\" height=\"200\" src=\"http:\/\/www.weboomedia.fr\/RutubeStreaming1.htm\" frameborder=\"N\" scrolling=\"no\"><\/iframe><\/figure>\n\n\n\n<p>Articles\u00a0: <a href=\"http:\/\/rutube.fr\/2021\/04\/\">Avr. 2021<\/a> \u2013 <a href=\"http:\/\/rutube.fr\/2021\/03\/\">Mar.2021<\/a> \u2013 <a href=\"http:\/\/rutube.fr\/2021\/02\/\">Fev.2021<\/a> \u2013 <a href=\"http:\/\/rutube.fr\/2021\/01\/\">Jan.2021<\/a><\/p>\n\n\n\n<figure class=\"wp-block-image size-large\"><img decoding=\"async\" src=\"https:\/\/www.bvoltaire.fr\/media\/2016\/09\/france-entree-libre-immigration-migrants-845x475.jpg\" alt=\"\"\/><\/figure>\n\n\n\n<p><a href=\"https:\/\/www.bvoltaire.fr\/plus-de-pierre-dans-certains-quartiers-et-vous-madame-comment-sappelle-votre-fils\/\">\u00c0 Montpellier, une femme voil\u00e9e a interpell\u00e9 Emmanuel Macron sur&nbsp;<em>le manque de mixit\u00e9<\/em><\/a>&nbsp;dans le coll\u00e8ge de son quartier. En regrettant le d\u00e9part des petits&nbsp;<em>Pierre<\/em>.&nbsp;Voil\u00e0 donc que la dame reprend, sous l\u2019\u0153il complaisant des m\u00e9dias, l\u2019hymne officiel \u00e0 la&nbsp;<em>mixit\u00e9 sociale<\/em>, la nouvelle potion magique qu\u2019<a href=\"https:\/\/www.bvoltaire.fr\/sujet\/emmanuel-macron\/\">Emmanuel Macron<\/a>&nbsp;va reprendre dans son futur programme pr\u00e9sidentiel. Quel heureux hasard&nbsp;!<\/p>\n\n\n\n<p>L\u2019expression novlangue&nbsp;<em>mixit\u00e9 sociale<\/em>&nbsp;est doublement trompeuse&nbsp;: elle n\u2019a rien de&nbsp;<a href=\"https:\/\/www.bvoltaire.fr\/sujet\/social\/\">social<\/a>&nbsp;et ne d\u00e9signe pas les sexes.&nbsp;Elle signifie, en r\u00e9alit\u00e9, la volont\u00e9 de rendre&nbsp;<em>obligatoire<\/em>&nbsp;le m\u00e9lange des personnes issues de l\u2019immigration et des autochtones&nbsp;: dans les \u00e9coles (aux \u00c9tats-Unis, cela s\u2019appelait le&nbsp;<em>busing<\/em>), dans les logements , dans les quartiers, bref, partout.&nbsp;<\/p>\n\n\n\n<p>Non seulement les promoteurs de cette&nbsp;<em>mixit\u00e9<\/em>&nbsp;oublient de demander aux Fran\u00e7ais s\u2019ils ont envie, eux, de vivre parmi des personnes qui n\u2019ont pas les m\u00eames m\u0153urs, la m\u00eame religion ni les m\u00eames valeurs qu\u2019eux. Mais tous ces beaux discours peinent \u00e0 cacher une sinistre r\u00e9alit\u00e9&nbsp;: l\u2019<a href=\"https:\/\/www.bvoltaire.fr\/sujet\/assimilation\/\">assimilation<\/a>&nbsp;des personnes immigr\u00e9es au destin fran\u00e7ais ne fonctionne plus.&nbsp;Et c\u2019est justement parce que l\u2019assimilation ne fonctionne plus, alors m\u00eame que l\u2019immigration ne cesse pas, que la France devient un agr\u00e9gat de communaut\u00e9s de plus en plus \u00e9loign\u00e9es les unes des autres.&nbsp;<\/p>\n\n\n\n<p>Pourquoi l\u2019assimilation ne fonctionne-t-elle plus en France ?&nbsp;&nbsp;<\/p>\n\n\n\n<p>Parce que l\u2019immigration de masse que conna\u00eet notre pays depuis des ann\u00e9es (450.000 entr\u00e9es officielles par an, sans compter les immigrants&nbsp;<a href=\"https:\/\/www.bvoltaire.fr\/sujet\/clandestins\/\">clandestins<\/a>, soit, rapport\u00e9 \u00e0 la population fran\u00e7aise, un effort bien sup\u00e9rieur \u00e0 celui des \u00c9tats-Unis) rend illusoire toute assimilation.&nbsp;<\/p>\n\n\n\n<p>L\u2019assimilation ne peut fonctionner qu\u2019\u00e0 six conditions, en effet :<\/p>\n\n\n\n<p>\u2013 que la personne ait vraiment la volont\u00e9 de s\u2019assimiler \u00e0 la culture et aux m\u0153urs de son pays d\u2019accueil ;<\/p>\n\n\n\n<p>\u2013 que le pays d\u2019accueil ait suffisamment confiance dans son&nbsp;<a href=\"https:\/\/www.bvoltaire.fr\/sujet\/identite\/\">identit\u00e9<\/a>&nbsp;et ses valeurs pour offrir quelque chose \u00e0 quoi s\u2019assimiler ;<\/p>\n\n\n\n<p>\u2013 que l\u2019\u00e9cart culturel entre le pays d\u2019accueil et le pays d\u2019origine de l\u2019immigrant ne soit pas trop grand ;<\/p>\n\n\n\n<p>\u2013 que l\u2019immigrant rompe ses liens avec son pays d\u2019origine ;<\/p>\n\n\n\n<p>\u2013 que les flux d\u2019immigration restent raisonnables et \u00e9tal\u00e9s dans le temps ;<\/p>\n\n\n\n<p>\u2013 qu\u2019il n\u2019y ait pas d\u00e9j\u00e0 une forte communaut\u00e9 de personnes issues de l\u2019immigration dans le pays d\u2019accueil.<\/p>\n\n\n\n<p>Aucune de ces conditions n\u2019est remplie aujourd\u2019hui. L\u2019assimilation individuelle reste possible, mais pas celle de populations enti\u00e8res.<\/p>\n\n\n\n<p>Comme animal social, l\u2019homme pr\u00e9f\u00e8re vivre avec ceux qui lui sont proches. L\u2019immigration de masse encourage donc la concentration des immigrants dans les zones o\u00f9 r\u00e9sident d\u00e9j\u00e0 d\u2019autres immigrants. Et il provoque, en sens inverse, ce qu\u2019on appelle outre-Atlantique le&nbsp;<em>white flight<\/em>&nbsp;: les autochtones qui en ont les moyens quittent les quartiers o\u00f9 la population change du fait de l\u2019arriv\u00e9e d\u2019immigrants.<\/p>\n\n\n\n<p><a href=\"https:\/\/www.bvoltaire.fr\/la-ministre-emmanuelle-wargon-prone-la-mixite-sociale-mais-habite-dans-les-beaux-quartiers\/\">Les belles \u00e2mes qui r\u00e9clament aujourd\u2019hui la mixit\u00e9 sociale<\/a>&nbsp;veulent, en r\u00e9alit\u00e9,&nbsp;l\u2019imposer \u00e0 la France d\u2019en bas<em>,&nbsp;<\/em>celle qui n\u2019a pas voix au chapitre. Mais elles se gardent bien de se l\u2019imposer \u00e0 elles-m\u00eames comme \u00e0 leurs familles.<\/p>\n\n\n\n<p>Vouloir imposer la mixit\u00e9 sociale sans arr\u00eater l\u2019immigration de masse ne r\u00e9soudra rien.<\/p>\n\n\n\n<p><a href=\"https:\/\/www.bvoltaire.fr\/auteur\/michelgeoffroy\/\">Michel Geoffroy<\/a>, dans Boulevard Voltaire<\/p>\n\n\n\n<figure><iframe loading=\"lazy\" width=\"800\" height=\"200\" src=\"http:\/\/www.weboomedia.fr\/RutubeStreaming1.htm\" frameborder=\"N\" scrolling=\"no\"><\/iframe><\/figure>\n<!-- ADDFREESTATS.COM AUTOCODE V4.0 -->\n<script type=\"text\/javascript\">\n<!--\nvar AFS_Account=\"00636949\";\nvar AFS_Tracker=\"auto\";\nvar AFS_Server=\"www6\";\nvar AFS_Page=\"DetectName\";\nvar AFS_Url=\"DetectUrl\";\n\/\/ -->\n<\/script>\n<script type=\"text\/javascript\" src=\"http:\/\/www6.addfreestats.com\/cgi-bin\/afstrack.cgi?usr=00636949\">\n<\/script>\n<noscript>\n<a href=\"http:\/\/www.addfreestats.com\">\n<img decoding=\"async\" src=\"http:\/\/www6.addfreestats.com\/cgi-bin\/connect.cgi?usr=00636949Pauto\" border=\"0\" alt=\"AddFreeStats.com Free Web Stats!\">Web Stats<\/a>\n<\/noscript>\n\n<!-- ENDADDFREESTATS.COM AUTOCODE V4.0  \u2192\n","protected":false},"excerpt":{"rendered":"<p>Articles\u00a0: Avr. 2021 \u2013 Mar.2021 \u2013 Fev.2021 \u2013 Jan.2021 \u00c0 Montpellier, une femme voil\u00e9e a interpell\u00e9 Emmanuel Macron sur&nbsp;le manque de mixit\u00e9&nbsp;dans le coll\u00e8ge de son quartier. En regrettant le d\u00e9part des petits&nbsp;Pierre.&nbsp;Voil\u00e0 donc que la dame reprend, sous l\u2019\u0153il complaisant des m\u00e9dias, l\u2019hymne officiel \u00e0 la&nbsp;mixit\u00e9 sociale, la nouvelle potion magique qu\u2019Emmanuel Macron&nbsp;va reprendre &hellip; <a href=\"https:\/\/webtube.fr\/index.php\/2021\/04\/24\/la-femme-voilee-pierre-et-lassimilation\/\" class=\"more-link\">Continuer la lecture<span class=\"screen-reader-text\"> de &laquo;&nbsp;La femme voil\u00e9e, Pierre et l\u2019assimilation&nbsp;&raquo;<\/span><\/a><\/p>\n","protected":false},"author":1,"featured_media":0,"comment_status":"open","ping_status":"open","sticky":false,"template":"","format":"standard","meta":{"_jetpack_memberships_contains_paid_content":false,"footnotes":""},"categories":[2],"tags":[],"class_list":["post-10762","post","type-post","status-publish","format-standard","hentry","category-non-classe"],"yoast_head":"<!-- This site is optimized with the Yoast SEO plugin v27.3 - https:\/\/yoast.com\/product\/yoast-seo-wordpress\/ -->\n<title>La femme voil\u00e9e, Pierre et l\u2019assimilation - # WEBTUBE.fr<\/title>\n<meta name=\"robots\" content=\"index, follow, max-snippet:-1, max-image-preview:large, max-video-preview:-1\" \/>\n<link rel=\"canonical\" href=\"https:\/\/webtube.fr\/index.php\/2021\/04\/24\/la-femme-voilee-pierre-et-lassimilation\/\" \/>\n<meta property=\"og:locale\" content=\"fr_FR\" \/>\n<meta property=\"og:type\" content=\"article\" \/>\n<meta property=\"og:title\" content=\"La femme voil\u00e9e, Pierre et l\u2019assimilation - # WEBTUBE.fr\" \/>\n<meta property=\"og:description\" content=\"Articles\u00a0: Avr. 2021 \u2013 Mar.2021 \u2013 Fev.2021 \u2013 Jan.2021 \u00c0 Montpellier, une femme voil\u00e9e a interpell\u00e9 Emmanuel Macron sur&nbsp;le manque de mixit\u00e9&nbsp;dans le coll\u00e8ge de son quartier. En regrettant le d\u00e9part des petits&nbsp;Pierre.&nbsp;Voil\u00e0 donc que la dame reprend, sous l\u2019\u0153il complaisant des m\u00e9dias, l\u2019hymne officiel \u00e0 la&nbsp;mixit\u00e9 sociale, la nouvelle potion magique qu\u2019Emmanuel Macron&nbsp;va reprendre &hellip; Continuer la lecture de &laquo;&nbsp;La femme voil\u00e9e, Pierre et l\u2019assimilation&nbsp;&raquo;\" \/>\n<meta property=\"og:url\" content=\"https:\/\/webtube.fr\/index.php\/2021\/04\/24\/la-femme-voilee-pierre-et-lassimilation\/\" \/>\n<meta property=\"og:site_name\" content=\"# WEBTUBE.fr\" \/>\n<meta property=\"article:publisher\" content=\"https:\/\/www.facebook.com\/profile.php?id=100069673161887\" \/>\n<meta property=\"article:published_time\" content=\"2021-04-24T04:25:02+00:00\" \/>\n<meta property=\"og:image\" content=\"https:\/\/www.bvoltaire.fr\/media\/2016\/09\/france-entree-libre-immigration-migrants-845x475.jpg\" \/>\n<meta name=\"author\" content=\"admin5851\" \/>\n<meta name=\"twitter:card\" content=\"summary_large_image\" \/>\n<meta name=\"twitter:creator\" content=\"@OrtfNews\" \/>\n<meta name=\"twitter:site\" content=\"@OrtfNews\" \/>\n<meta name=\"twitter:label1\" content=\"\u00c9crit par\" \/>\n\t<meta name=\"twitter:data1\" content=\"admin5851\" \/>\n\t<meta name=\"twitter:label2\" content=\"Dur\u00e9e de lecture estim\u00e9e\" \/>\n\t<meta name=\"twitter:data2\" content=\"3 minutes\" \/>\n<script type=\"application\/ld+json\" class=\"yoast-schema-graph\">{\"@context\":\"https:\\\/\\\/schema.org\",\"@graph\":[{\"@type\":\"Article\",\"@id\":\"https:\\\/\\\/webtube.fr\\\/index.php\\\/2021\\\/04\\\/24\\\/la-femme-voilee-pierre-et-lassimilation\\\/#article\",\"isPartOf\":{\"@id\":\"https:\\\/\\\/webtube.fr\\\/index.php\\\/2021\\\/04\\\/24\\\/la-femme-voilee-pierre-et-lassimilation\\\/\"},\"author\":{\"name\":\"admin5851\",\"@id\":\"https:\\\/\\\/webtube.fr\\\/#\\\/schema\\\/person\\\/dcc633686e0e2a79a6bf7b92c9507618\"},\"headline\":\"La femme voil\u00e9e, Pierre et l\u2019assimilation\",\"datePublished\":\"2021-04-24T04:25:02+00:00\",\"mainEntityOfPage\":{\"@id\":\"https:\\\/\\\/webtube.fr\\\/index.php\\\/2021\\\/04\\\/24\\\/la-femme-voilee-pierre-et-lassimilation\\\/\"},\"wordCount\":613,\"commentCount\":0,\"publisher\":{\"@id\":\"https:\\\/\\\/webtube.fr\\\/#organization\"},\"image\":{\"@id\":\"https:\\\/\\\/webtube.fr\\\/index.php\\\/2021\\\/04\\\/24\\\/la-femme-voilee-pierre-et-lassimilation\\\/#primaryimage\"},\"thumbnailUrl\":\"https:\\\/\\\/www.bvoltaire.fr\\\/media\\\/2016\\\/09\\\/france-entree-libre-immigration-migrants-845x475.jpg\",\"inLanguage\":\"fr-FR\",\"potentialAction\":[{\"@type\":\"CommentAction\",\"name\":\"Comment\",\"target\":[\"https:\\\/\\\/webtube.fr\\\/index.php\\\/2021\\\/04\\\/24\\\/la-femme-voilee-pierre-et-lassimilation\\\/#respond\"]}]},{\"@type\":\"WebPage\",\"@id\":\"https:\\\/\\\/webtube.fr\\\/index.php\\\/2021\\\/04\\\/24\\\/la-femme-voilee-pierre-et-lassimilation\\\/\",\"url\":\"https:\\\/\\\/webtube.fr\\\/index.php\\\/2021\\\/04\\\/24\\\/la-femme-voilee-pierre-et-lassimilation\\\/\",\"name\":\"La femme voil\u00e9e, Pierre et l\u2019assimilation - # WEBTUBE.fr\",\"isPartOf\":{\"@id\":\"https:\\\/\\\/webtube.fr\\\/#website\"},\"primaryImageOfPage\":{\"@id\":\"https:\\\/\\\/webtube.fr\\\/index.php\\\/2021\\\/04\\\/24\\\/la-femme-voilee-pierre-et-lassimilation\\\/#primaryimage\"},\"image\":{\"@id\":\"https:\\\/\\\/webtube.fr\\\/index.php\\\/2021\\\/04\\\/24\\\/la-femme-voilee-pierre-et-lassimilation\\\/#primaryimage\"},\"thumbnailUrl\":\"https:\\\/\\\/www.bvoltaire.fr\\\/media\\\/2016\\\/09\\\/france-entree-libre-immigration-migrants-845x475.jpg\",\"datePublished\":\"2021-04-24T04:25:02+00:00\",\"breadcrumb\":{\"@id\":\"https:\\\/\\\/webtube.fr\\\/index.php\\\/2021\\\/04\\\/24\\\/la-femme-voilee-pierre-et-lassimilation\\\/#breadcrumb\"},\"inLanguage\":\"fr-FR\",\"potentialAction\":[{\"@type\":\"ReadAction\",\"target\":[\"https:\\\/\\\/webtube.fr\\\/index.php\\\/2021\\\/04\\\/24\\\/la-femme-voilee-pierre-et-lassimilation\\\/\"]}]},{\"@type\":\"ImageObject\",\"inLanguage\":\"fr-FR\",\"@id\":\"https:\\\/\\\/webtube.fr\\\/index.php\\\/2021\\\/04\\\/24\\\/la-femme-voilee-pierre-et-lassimilation\\\/#primaryimage\",\"url\":\"https:\\\/\\\/www.bvoltaire.fr\\\/media\\\/2016\\\/09\\\/france-entree-libre-immigration-migrants-845x475.jpg\",\"contentUrl\":\"https:\\\/\\\/www.bvoltaire.fr\\\/media\\\/2016\\\/09\\\/france-entree-libre-immigration-migrants-845x475.jpg\"},{\"@type\":\"BreadcrumbList\",\"@id\":\"https:\\\/\\\/webtube.fr\\\/index.php\\\/2021\\\/04\\\/24\\\/la-femme-voilee-pierre-et-lassimilation\\\/#breadcrumb\",\"itemListElement\":[{\"@type\":\"ListItem\",\"position\":1,\"name\":\"Accueil\",\"item\":\"https:\\\/\\\/webtube.fr\\\/\"},{\"@type\":\"ListItem\",\"position\":2,\"name\":\"La femme voil\u00e9e, Pierre et l\u2019assimilation\"}]},{\"@type\":\"WebSite\",\"@id\":\"https:\\\/\\\/webtube.fr\\\/#website\",\"url\":\"https:\\\/\\\/webtube.fr\\\/\",\"name\":\"WEBTUBE\",\"description\":\"WEBTUBE.fr  Streaming Vid\u00e9o and News , toutes les infos sans filtres !\",\"publisher\":{\"@id\":\"https:\\\/\\\/webtube.fr\\\/#organization\"},\"alternateName\":\"Rutube\",\"potentialAction\":[{\"@type\":\"SearchAction\",\"target\":{\"@type\":\"EntryPoint\",\"urlTemplate\":\"https:\\\/\\\/webtube.fr\\\/?s={search_term_string}\"},\"query-input\":{\"@type\":\"PropertyValueSpecification\",\"valueRequired\":true,\"valueName\":\"search_term_string\"}}],\"inLanguage\":\"fr-FR\"},{\"@type\":\"Organization\",\"@id\":\"https:\\\/\\\/webtube.fr\\\/#organization\",\"name\":\"# WEBTUBE.fr\",\"url\":\"https:\\\/\\\/webtube.fr\\\/\",\"logo\":{\"@type\":\"ImageObject\",\"inLanguage\":\"fr-FR\",\"@id\":\"https:\\\/\\\/webtube.fr\\\/#\\\/schema\\\/logo\\\/image\\\/\",\"url\":\"https:\\\/\\\/webtube.fr\\\/wp-content\\\/uploads\\\/2025\\\/09\\\/cropped-Logo_webtubeIA-1.jpg\",\"contentUrl\":\"https:\\\/\\\/webtube.fr\\\/wp-content\\\/uploads\\\/2025\\\/09\\\/cropped-Logo_webtubeIA-1.jpg\",\"width\":240,\"height\":240,\"caption\":\"# WEBTUBE.fr\"},\"image\":{\"@id\":\"https:\\\/\\\/webtube.fr\\\/#\\\/schema\\\/logo\\\/image\\\/\"},\"sameAs\":[\"https:\\\/\\\/www.facebook.com\\\/profile.php?id=100069673161887\",\"https:\\\/\\\/x.com\\\/OrtfNews\",\"https:\\\/\\\/www.facebook.com\\\/profile.php?id=100013751440523\"]},{\"@type\":\"Person\",\"@id\":\"https:\\\/\\\/webtube.fr\\\/#\\\/schema\\\/person\\\/dcc633686e0e2a79a6bf7b92c9507618\",\"name\":\"admin5851\",\"image\":{\"@type\":\"ImageObject\",\"inLanguage\":\"fr-FR\",\"@id\":\"https:\\\/\\\/secure.gravatar.com\\\/avatar\\\/ea1b672a827879c0febb022a108a871292b3d08fadc66a0a43fa47acfe82e38a?s=96&d=mm&r=g\",\"url\":\"https:\\\/\\\/secure.gravatar.com\\\/avatar\\\/ea1b672a827879c0febb022a108a871292b3d08fadc66a0a43fa47acfe82e38a?s=96&d=mm&r=g\",\"contentUrl\":\"https:\\\/\\\/secure.gravatar.com\\\/avatar\\\/ea1b672a827879c0febb022a108a871292b3d08fadc66a0a43fa47acfe82e38a?s=96&d=mm&r=g\",\"caption\":\"admin5851\"},\"sameAs\":[\"http:\\\/\\\/linlcju.cluster100.hosting.ovh.net\"],\"url\":\"https:\\\/\\\/webtube.fr\\\/index.php\\\/author\\\/admin5851\\\/\"}]}<\/script>\n<!-- \/ Yoast SEO plugin. -->","yoast_head_json":{"title":"La femme voil\u00e9e, Pierre et l\u2019assimilation - # WEBTUBE.fr","robots":{"index":"index","follow":"follow","max-snippet":"max-snippet:-1","max-image-preview":"max-image-preview:large","max-video-preview":"max-video-preview:-1"},"canonical":"https:\/\/webtube.fr\/index.php\/2021\/04\/24\/la-femme-voilee-pierre-et-lassimilation\/","og_locale":"fr_FR","og_type":"article","og_title":"La femme voil\u00e9e, Pierre et l\u2019assimilation - # WEBTUBE.fr","og_description":"Articles\u00a0: Avr. 2021 \u2013 Mar.2021 \u2013 Fev.2021 \u2013 Jan.2021 \u00c0 Montpellier, une femme voil\u00e9e a interpell\u00e9 Emmanuel Macron sur&nbsp;le manque de mixit\u00e9&nbsp;dans le coll\u00e8ge de son quartier. En regrettant le d\u00e9part des petits&nbsp;Pierre.&nbsp;Voil\u00e0 donc que la dame reprend, sous l\u2019\u0153il complaisant des m\u00e9dias, l\u2019hymne officiel \u00e0 la&nbsp;mixit\u00e9 sociale, la nouvelle potion magique qu\u2019Emmanuel Macron&nbsp;va reprendre &hellip; Continuer la lecture de &laquo;&nbsp;La femme voil\u00e9e, Pierre et l\u2019assimilation&nbsp;&raquo;","og_url":"https:\/\/webtube.fr\/index.php\/2021\/04\/24\/la-femme-voilee-pierre-et-lassimilation\/","og_site_name":"# WEBTUBE.fr","article_publisher":"https:\/\/www.facebook.com\/profile.php?id=100069673161887","article_published_time":"2021-04-24T04:25:02+00:00","og_image":[{"url":"https:\/\/www.bvoltaire.fr\/media\/2016\/09\/france-entree-libre-immigration-migrants-845x475.jpg","type":"","width":"","height":""}],"author":"admin5851","twitter_card":"summary_large_image","twitter_creator":"@OrtfNews","twitter_site":"@OrtfNews","twitter_misc":{"\u00c9crit par":"admin5851","Dur\u00e9e de lecture estim\u00e9e":"3 minutes"},"schema":{"@context":"https:\/\/schema.org","@graph":[{"@type":"Article","@id":"https:\/\/webtube.fr\/index.php\/2021\/04\/24\/la-femme-voilee-pierre-et-lassimilation\/#article","isPartOf":{"@id":"https:\/\/webtube.fr\/index.php\/2021\/04\/24\/la-femme-voilee-pierre-et-lassimilation\/"},"author":{"name":"admin5851","@id":"https:\/\/webtube.fr\/#\/schema\/person\/dcc633686e0e2a79a6bf7b92c9507618"},"headline":"La femme voil\u00e9e, Pierre et l\u2019assimilation","datePublished":"2021-04-24T04:25:02+00:00","mainEntityOfPage":{"@id":"https:\/\/webtube.fr\/index.php\/2021\/04\/24\/la-femme-voilee-pierre-et-lassimilation\/"},"wordCount":613,"commentCount":0,"publisher":{"@id":"https:\/\/webtube.fr\/#organization"},"image":{"@id":"https:\/\/webtube.fr\/index.php\/2021\/04\/24\/la-femme-voilee-pierre-et-lassimilation\/#primaryimage"},"thumbnailUrl":"https:\/\/www.bvoltaire.fr\/media\/2016\/09\/france-entree-libre-immigration-migrants-845x475.jpg","inLanguage":"fr-FR","potentialAction":[{"@type":"CommentAction","name":"Comment","target":["https:\/\/webtube.fr\/index.php\/2021\/04\/24\/la-femme-voilee-pierre-et-lassimilation\/#respond"]}]},{"@type":"WebPage","@id":"https:\/\/webtube.fr\/index.php\/2021\/04\/24\/la-femme-voilee-pierre-et-lassimilation\/","url":"https:\/\/webtube.fr\/index.php\/2021\/04\/24\/la-femme-voilee-pierre-et-lassimilation\/","name":"La femme voil\u00e9e, Pierre et l\u2019assimilation - # WEBTUBE.fr","isPartOf":{"@id":"https:\/\/webtube.fr\/#website"},"primaryImageOfPage":{"@id":"https:\/\/webtube.fr\/index.php\/2021\/04\/24\/la-femme-voilee-pierre-et-lassimilation\/#primaryimage"},"image":{"@id":"https:\/\/webtube.fr\/index.php\/2021\/04\/24\/la-femme-voilee-pierre-et-lassimilation\/#primaryimage"},"thumbnailUrl":"https:\/\/www.bvoltaire.fr\/media\/2016\/09\/france-entree-libre-immigration-migrants-845x475.jpg","datePublished":"2021-04-24T04:25:02+00:00","breadcrumb":{"@id":"https:\/\/webtube.fr\/index.php\/2021\/04\/24\/la-femme-voilee-pierre-et-lassimilation\/#breadcrumb"},"inLanguage":"fr-FR","potentialAction":[{"@type":"ReadAction","target":["https:\/\/webtube.fr\/index.php\/2021\/04\/24\/la-femme-voilee-pierre-et-lassimilation\/"]}]},{"@type":"ImageObject","inLanguage":"fr-FR","@id":"https:\/\/webtube.fr\/index.php\/2021\/04\/24\/la-femme-voilee-pierre-et-lassimilation\/#primaryimage","url":"https:\/\/www.bvoltaire.fr\/media\/2016\/09\/france-entree-libre-immigration-migrants-845x475.jpg","contentUrl":"https:\/\/www.bvoltaire.fr\/media\/2016\/09\/france-entree-libre-immigration-migrants-845x475.jpg"},{"@type":"BreadcrumbList","@id":"https:\/\/webtube.fr\/index.php\/2021\/04\/24\/la-femme-voilee-pierre-et-lassimilation\/#breadcrumb","itemListElement":[{"@type":"ListItem","position":1,"name":"Accueil","item":"https:\/\/webtube.fr\/"},{"@type":"ListItem","position":2,"name":"La femme voil\u00e9e, Pierre et l\u2019assimilation"}]},{"@type":"WebSite","@id":"https:\/\/webtube.fr\/#website","url":"https:\/\/webtube.fr\/","name":"WEBTUBE","description":"WEBTUBE.fr  Streaming Vid\u00e9o and News , toutes les infos sans filtres !","publisher":{"@id":"https:\/\/webtube.fr\/#organization"},"alternateName":"Rutube","potentialAction":[{"@type":"SearchAction","target":{"@type":"EntryPoint","urlTemplate":"https:\/\/webtube.fr\/?s={search_term_string}"},"query-input":{"@type":"PropertyValueSpecification","valueRequired":true,"valueName":"search_term_string"}}],"inLanguage":"fr-FR"},{"@type":"Organization","@id":"https:\/\/webtube.fr\/#organization","name":"# WEBTUBE.fr","url":"https:\/\/webtube.fr\/","logo":{"@type":"ImageObject","inLanguage":"fr-FR","@id":"https:\/\/webtube.fr\/#\/schema\/logo\/image\/","url":"https:\/\/webtube.fr\/wp-content\/uploads\/2025\/09\/cropped-Logo_webtubeIA-1.jpg","contentUrl":"https:\/\/webtube.fr\/wp-content\/uploads\/2025\/09\/cropped-Logo_webtubeIA-1.jpg","width":240,"height":240,"caption":"# WEBTUBE.fr"},"image":{"@id":"https:\/\/webtube.fr\/#\/schema\/logo\/image\/"},"sameAs":["https:\/\/www.facebook.com\/profile.php?id=100069673161887","https:\/\/x.com\/OrtfNews","https:\/\/www.facebook.com\/profile.php?id=100013751440523"]},{"@type":"Person","@id":"https:\/\/webtube.fr\/#\/schema\/person\/dcc633686e0e2a79a6bf7b92c9507618","name":"admin5851","image":{"@type":"ImageObject","inLanguage":"fr-FR","@id":"https:\/\/secure.gravatar.com\/avatar\/ea1b672a827879c0febb022a108a871292b3d08fadc66a0a43fa47acfe82e38a?s=96&d=mm&r=g","url":"https:\/\/secure.gravatar.com\/avatar\/ea1b672a827879c0febb022a108a871292b3d08fadc66a0a43fa47acfe82e38a?s=96&d=mm&r=g","contentUrl":"https:\/\/secure.gravatar.com\/avatar\/ea1b672a827879c0febb022a108a871292b3d08fadc66a0a43fa47acfe82e38a?s=96&d=mm&r=g","caption":"admin5851"},"sameAs":["http:\/\/linlcju.cluster100.hosting.ovh.net"],"url":"https:\/\/webtube.fr\/index.php\/author\/admin5851\/"}]}},"jetpack_featured_media_url":"","jetpack_sharing_enabled":true,"_links":{"self":[{"href":"https:\/\/webtube.fr\/index.php\/wp-json\/wp\/v2\/posts\/10762","targetHints":{"allow":["GET"]}}],"collection":[{"href":"https:\/\/webtube.fr\/index.php\/wp-json\/wp\/v2\/posts"}],"about":[{"href":"https:\/\/webtube.fr\/index.php\/wp-json\/wp\/v2\/types\/post"}],"author":[{"embeddable":true,"href":"https:\/\/webtube.fr\/index.php\/wp-json\/wp\/v2\/users\/1"}],"replies":[{"embeddable":true,"href":"https:\/\/webtube.fr\/index.php\/wp-json\/wp\/v2\/comments?post=10762"}],"version-history":[{"count":0,"href":"https:\/\/webtube.fr\/index.php\/wp-json\/wp\/v2\/posts\/10762\/revisions"}],"wp:attachment":[{"href":"https:\/\/webtube.fr\/index.php\/wp-json\/wp\/v2\/media?parent=10762"}],"wp:term":[{"taxonomy":"category","embeddable":true,"href":"https:\/\/webtube.fr\/index.php\/wp-json\/wp\/v2\/categories?post=10762"},{"taxonomy":"post_tag","embeddable":true,"href":"https:\/\/webtube.fr\/index.php\/wp-json\/wp\/v2\/tags?post=10762"}],"curies":[{"name":"wp","href":"https:\/\/api.w.org\/{rel}","templated":true}]}}