{"id":10208,"date":"2021-03-15T05:58:12","date_gmt":"2021-03-15T04:58:12","guid":{"rendered":"http:\/\/rutube.fr\/?p=10208"},"modified":"2021-03-15T05:58:12","modified_gmt":"2021-03-15T04:58:12","slug":"on-na-pas-le-droit-de-faire-des-statistiques-ethniques-on-na-pas-le-droit-de-faire-des-statistiques-religieuses-ces-interdictions-la-sont-faites-pour-empecher-aux-demograph","status":"publish","type":"post","link":"https:\/\/webtube.fr\/index.php\/2021\/03\/15\/on-na-pas-le-droit-de-faire-des-statistiques-ethniques-on-na-pas-le-droit-de-faire-des-statistiques-religieuses-ces-interdictions-la-sont-faites-pour-empecher-aux-demograph\/","title":{"rendered":"On n\u2019a pas le droit de faire des statistiques ethniques, on n\u2019a pas le droit de faire des statistiques religieuses\u2026 Ces interdictions l\u00e0 sont faites pour emp\u00eacher aux d\u00e9mographes de dire ce qui advient"},"content":{"rendered":"\n<p>Articles \u00a0: <a href=\"http:\/\/rutube.fr\/2021\/03\/\">Mar. 2021<\/a> &#8211; \u00a0<a href=\"http:\/\/rutube.fr\/2021\/02\/\" target=\"_blank\" rel=\"noreferrer noopener\">Fev. 2021<\/a>\u00a0\u2013\u00a0<a href=\"http:\/\/rutube.fr\/2021\/01\/\" target=\"_blank\" rel=\"noreferrer noopener\">Jan. 2021<\/a>\u00a0\u2013\u00a0<a href=\"http:\/\/rutube.fr\/2020\/12\/\" target=\"_blank\" rel=\"noreferrer noopener\">Dec. 2020<\/a>\u00a0<\/p>\n\n\n\n<figure><iframe loading=\"lazy\" width=\"800\" height=\"200\" src=\"http:\/\/www.weboomedia.fr\/RutubeStreaming1.htm\" frameborder=\"N\" scrolling=\"no\"><\/iframe><\/figure>\n\n\n\n<figure class=\"wp-block-image size-large\"><img decoding=\"async\" src=\"https:\/\/i.ytimg.com\/vi\/nt-NB50g_Fo\/maxresdefault.jpg\" alt=\"\"\/><\/figure>\n\n\n\n<p>Michel Onfray : \u00ab Notre souci est de revenir aux faits. Y a-t-il un <a href=\"https:\/\/twitter.com\/hashtag\/GrandRemplacement?src=hashtag_click\">#GrandRemplacement<\/a> ? L&rsquo;ONU dit \u00ab\u00a0oui\u00a0\u00bb, la d\u00e9mographie dit \u00ab\u00a0oui\u00a0\u00bb, les indig\u00e9nistes disent \u00ab\u00a0oui\u00a0\u00bb, et quand Renaud Camus dit \u00ab\u00a0oui\u00a0\u00bb, on r\u00e9pond \u00ab\u00a0non, c&rsquo;est un fasciste\u00a0\u00bb. \u00bb<\/p>\n\n\n\n<figure class=\"wp-block-embed-twitter wp-block-embed is-type-rich is-provider-twitter\"><div class=\"wp-block-embed__wrapper\">\n<blockquote class=\"twitter-tweet\" data-width=\"550\" data-dnt=\"true\"><p lang=\"fr\" dir=\"ltr\">Michel Onfray : \u00ab Notre souci est de revenir aux faits. Y a-t-il un <a href=\"https:\/\/twitter.com\/hashtag\/GrandRemplacement?src=hash&amp;ref_src=twsrc%5Etfw\">#GrandRemplacement<\/a> ? L&#39;ONU dit &quot;oui&quot;, la d\u00e9mographie dit &quot;oui&quot;, les indig\u00e9nistes disent &quot;oui&quot;, et quand Renaud Camus dit &quot;oui&quot;, on r\u00e9pond &quot;non, c&#39;est un fasciste&quot;. \u00bb <a href=\"https:\/\/t.co\/4lKJHK2DRu\">pic.twitter.com\/4lKJHK2DRu<\/a><\/p>&mdash; Biblioth\u00e8que de Renaud Camus (@LibrairieRCamus) <a href=\"https:\/\/twitter.com\/LibrairieRCamus\/status\/1370717995979395082?ref_src=twsrc%5Etfw\">March 13, 2021<\/a><\/blockquote><script async src=\"https:\/\/platform.twitter.com\/widgets.js\" charset=\"utf-8\"><\/script>\n<\/div><\/figure>\n\n\n\n<figure class=\"wp-block-embed-youtube wp-block-embed is-type-video is-provider-youtube wp-embed-aspect-16-9 wp-has-aspect-ratio\"><div class=\"wp-block-embed__wrapper\">\n<iframe loading=\"lazy\" title=\"LIVE Front Populaire | Les id\u00e9es re\u00e7ues sur l&#039;immigration\" width=\"840\" height=\"473\" src=\"https:\/\/www.youtube.com\/embed\/_bgnbjP0Z6k?feature=oembed\" frameborder=\"0\" allow=\"accelerometer; autoplay; clipboard-write; encrypted-media; gyroscope; picture-in-picture\" allowfullscreen><\/iframe>\n<\/div><\/figure>\n\n\n\n<blockquote class=\"wp-block-quote is-layout-flow wp-block-quote-is-layout-flow\"><p><em>\u00ab Quand quelqu\u2019un de gauche dit \u201cle Grand remplacement, c\u2019est nous\u201d, on dit \u201cformidable\u201d, quand quelqu\u2019un de droite (comme Renaud Camus) dit \u201cil y a un Grand remplacement\u201d, on dit tout de suite \u201cfascisme\u201d \u00bb<\/em><\/p><\/blockquote>\n\n\n\n<blockquote class=\"wp-block-quote is-layout-flow wp-block-quote-is-layout-flow\"><p><em>\u00ab Y a-t-il factuellement un Grand remplacement ? Les d\u00e9mographes r\u00e9pondent \u201coui\u201d. C\u2019est tout simple, vous avez des hommes, vous avez des femmes, ils font des enfants, vous avez un taux de natalit\u00e9, vous le calculez, vous faites une projection, vous avez une courbe et on vous dit \u201cbah oui, dans 30 ans, dans 50 ans\u2026\u201d \u00bb<\/em><\/p><\/blockquote>\n\n\n\n<blockquote class=\"wp-block-quote is-layout-flow wp-block-quote-is-layout-flow\"><p><em>\u00ab On n\u2019a pas le droit de faire des statistiques ethniques, on n\u2019a pas le droit de faire des statistiques religieuses\u2026 Ces interdictions l\u00e0 sont faites pour emp\u00eacher aux d\u00e9mographes de dire ce qui advient \u00bb<\/em><\/p><\/blockquote>\n\n\n\n<!-- ADDFREESTATS.COM AUTOCODE V4.0 -->\n<script type=\"text\/javascript\">\n<!--\nvar AFS_Account=\"00636949\";\nvar AFS_Tracker=\"auto\";\nvar AFS_Server=\"www6\";\nvar AFS_Page=\"DetectName\";\nvar AFS_Url=\"DetectUrl\";\n\/\/ -->\n<\/script>\n<script type=\"text\/javascript\" src=\"http:\/\/www6.addfreestats.com\/cgi-bin\/afstrack.cgi?usr=00636949\">\n<\/script>\n<noscript>\n<a href=\"http:\/\/www.addfreestats.com\">\n<img decoding=\"async\" src=\"http:\/\/www6.addfreestats.com\/cgi-bin\/connect.cgi?usr=00636949Pauto\" border=\"0\" alt=\"AddFreeStats.com Free Web Stats!\">Web Stats<\/a>\n<\/noscript>\n\n<!-- ENDADDFREESTATS.COM AUTOCODE V4.0  \u2192\n","protected":false},"excerpt":{"rendered":"<p>Articles \u00a0: Mar. 2021 &#8211; \u00a0Fev. 2021\u00a0\u2013\u00a0Jan. 2021\u00a0\u2013\u00a0Dec. 2020\u00a0 Michel Onfray : \u00ab Notre souci est de revenir aux faits. Y a-t-il un #GrandRemplacement ? L&rsquo;ONU dit \u00ab\u00a0oui\u00a0\u00bb, la d\u00e9mographie dit \u00ab\u00a0oui\u00a0\u00bb, les indig\u00e9nistes disent \u00ab\u00a0oui\u00a0\u00bb, et quand Renaud Camus dit \u00ab\u00a0oui\u00a0\u00bb, on r\u00e9pond \u00ab\u00a0non, c&rsquo;est un fasciste\u00a0\u00bb. \u00bb \u00ab Quand quelqu\u2019un de gauche dit &hellip; <a href=\"https:\/\/webtube.fr\/index.php\/2021\/03\/15\/on-na-pas-le-droit-de-faire-des-statistiques-ethniques-on-na-pas-le-droit-de-faire-des-statistiques-religieuses-ces-interdictions-la-sont-faites-pour-empecher-aux-demograph\/\" class=\"more-link\">Continuer la lecture<span class=\"screen-reader-text\"> de &laquo;&nbsp;On n\u2019a pas le droit de faire des statistiques ethniques, on n\u2019a pas le droit de faire des statistiques religieuses\u2026 Ces interdictions l\u00e0 sont faites pour emp\u00eacher aux d\u00e9mographes de dire ce qui advient&nbsp;&raquo;<\/span><\/a><\/p>\n","protected":false},"author":1,"featured_media":0,"comment_status":"open","ping_status":"open","sticky":false,"template":"","format":"standard","meta":{"_jetpack_memberships_contains_paid_content":false,"footnotes":""},"categories":[2],"tags":[],"class_list":["post-10208","post","type-post","status-publish","format-standard","hentry","category-non-classe"],"yoast_head":"<!-- This site is optimized with the Yoast SEO plugin v27.3 - https:\/\/yoast.com\/product\/yoast-seo-wordpress\/ -->\n<title>On n\u2019a pas le droit de faire des statistiques ethniques, on n\u2019a pas le droit de faire des statistiques religieuses\u2026 Ces interdictions l\u00e0 sont faites pour emp\u00eacher aux d\u00e9mographes de dire ce qui advient - # WEBTUBE.fr<\/title>\n<meta name=\"robots\" content=\"index, follow, max-snippet:-1, max-image-preview:large, max-video-preview:-1\" \/>\n<link rel=\"canonical\" href=\"https:\/\/webtube.fr\/index.php\/2021\/03\/15\/on-na-pas-le-droit-de-faire-des-statistiques-ethniques-on-na-pas-le-droit-de-faire-des-statistiques-religieuses-ces-interdictions-la-sont-faites-pour-empecher-aux-demograph\/\" \/>\n<meta property=\"og:locale\" content=\"fr_FR\" \/>\n<meta property=\"og:type\" content=\"article\" \/>\n<meta property=\"og:title\" content=\"On n\u2019a pas le droit de faire des statistiques ethniques, on n\u2019a pas le droit de faire des statistiques religieuses\u2026 Ces interdictions l\u00e0 sont faites pour emp\u00eacher aux d\u00e9mographes de dire ce qui advient - # WEBTUBE.fr\" \/>\n<meta property=\"og:description\" content=\"Articles \u00a0: Mar. 2021 &#8211; \u00a0Fev. 2021\u00a0\u2013\u00a0Jan. 2021\u00a0\u2013\u00a0Dec. 2020\u00a0 Michel Onfray : \u00ab Notre souci est de revenir aux faits. Y a-t-il un #GrandRemplacement ? L&rsquo;ONU dit \u00ab\u00a0oui\u00a0\u00bb, la d\u00e9mographie dit \u00ab\u00a0oui\u00a0\u00bb, les indig\u00e9nistes disent \u00ab\u00a0oui\u00a0\u00bb, et quand Renaud Camus dit \u00ab\u00a0oui\u00a0\u00bb, on r\u00e9pond \u00ab\u00a0non, c&rsquo;est un fasciste\u00a0\u00bb. \u00bb \u00ab Quand quelqu\u2019un de gauche dit &hellip; Continuer la lecture de &laquo;&nbsp;On n\u2019a pas le droit de faire des statistiques ethniques, on n\u2019a pas le droit de faire des statistiques religieuses\u2026 Ces interdictions l\u00e0 sont faites pour emp\u00eacher aux d\u00e9mographes de dire ce qui advient&nbsp;&raquo;\" \/>\n<meta property=\"og:url\" content=\"https:\/\/webtube.fr\/index.php\/2021\/03\/15\/on-na-pas-le-droit-de-faire-des-statistiques-ethniques-on-na-pas-le-droit-de-faire-des-statistiques-religieuses-ces-interdictions-la-sont-faites-pour-empecher-aux-demograph\/\" \/>\n<meta property=\"og:site_name\" content=\"# WEBTUBE.fr\" \/>\n<meta property=\"article:publisher\" content=\"https:\/\/www.facebook.com\/profile.php?id=100069673161887\" \/>\n<meta property=\"article:published_time\" content=\"2021-03-15T04:58:12+00:00\" \/>\n<meta property=\"og:image\" content=\"https:\/\/i.ytimg.com\/vi\/nt-NB50g_Fo\/maxresdefault.jpg\" \/>\n<meta name=\"author\" content=\"admin5851\" \/>\n<meta name=\"twitter:card\" content=\"summary_large_image\" \/>\n<meta name=\"twitter:creator\" content=\"@OrtfNews\" \/>\n<meta name=\"twitter:site\" content=\"@OrtfNews\" \/>\n<meta name=\"twitter:label1\" content=\"\u00c9crit par\" \/>\n\t<meta name=\"twitter:data1\" content=\"admin5851\" \/>\n\t<meta name=\"twitter:label2\" content=\"Dur\u00e9e de lecture estim\u00e9e\" \/>\n\t<meta name=\"twitter:data2\" content=\"1 minute\" \/>\n<script type=\"application\/ld+json\" class=\"yoast-schema-graph\">{\"@context\":\"https:\\\/\\\/schema.org\",\"@graph\":[{\"@type\":\"Article\",\"@id\":\"https:\\\/\\\/webtube.fr\\\/index.php\\\/2021\\\/03\\\/15\\\/on-na-pas-le-droit-de-faire-des-statistiques-ethniques-on-na-pas-le-droit-de-faire-des-statistiques-religieuses-ces-interdictions-la-sont-faites-pour-empecher-aux-demograph\\\/#article\",\"isPartOf\":{\"@id\":\"https:\\\/\\\/webtube.fr\\\/index.php\\\/2021\\\/03\\\/15\\\/on-na-pas-le-droit-de-faire-des-statistiques-ethniques-on-na-pas-le-droit-de-faire-des-statistiques-religieuses-ces-interdictions-la-sont-faites-pour-empecher-aux-demograph\\\/\"},\"author\":{\"name\":\"admin5851\",\"@id\":\"https:\\\/\\\/webtube.fr\\\/#\\\/schema\\\/person\\\/dcc633686e0e2a79a6bf7b92c9507618\"},\"headline\":\"On n\u2019a pas le droit de faire des statistiques ethniques, on n\u2019a pas le droit de faire des statistiques religieuses\u2026 Ces interdictions l\u00e0 sont faites pour emp\u00eacher aux d\u00e9mographes de dire ce qui advient\",\"datePublished\":\"2021-03-15T04:58:12+00:00\",\"mainEntityOfPage\":{\"@id\":\"https:\\\/\\\/webtube.fr\\\/index.php\\\/2021\\\/03\\\/15\\\/on-na-pas-le-droit-de-faire-des-statistiques-ethniques-on-na-pas-le-droit-de-faire-des-statistiques-religieuses-ces-interdictions-la-sont-faites-pour-empecher-aux-demograph\\\/\"},\"wordCount\":251,\"commentCount\":0,\"publisher\":{\"@id\":\"https:\\\/\\\/webtube.fr\\\/#organization\"},\"image\":{\"@id\":\"https:\\\/\\\/webtube.fr\\\/index.php\\\/2021\\\/03\\\/15\\\/on-na-pas-le-droit-de-faire-des-statistiques-ethniques-on-na-pas-le-droit-de-faire-des-statistiques-religieuses-ces-interdictions-la-sont-faites-pour-empecher-aux-demograph\\\/#primaryimage\"},\"thumbnailUrl\":\"https:\\\/\\\/i.ytimg.com\\\/vi\\\/nt-NB50g_Fo\\\/maxresdefault.jpg\",\"inLanguage\":\"fr-FR\",\"potentialAction\":[{\"@type\":\"CommentAction\",\"name\":\"Comment\",\"target\":[\"https:\\\/\\\/webtube.fr\\\/index.php\\\/2021\\\/03\\\/15\\\/on-na-pas-le-droit-de-faire-des-statistiques-ethniques-on-na-pas-le-droit-de-faire-des-statistiques-religieuses-ces-interdictions-la-sont-faites-pour-empecher-aux-demograph\\\/#respond\"]}]},{\"@type\":\"WebPage\",\"@id\":\"https:\\\/\\\/webtube.fr\\\/index.php\\\/2021\\\/03\\\/15\\\/on-na-pas-le-droit-de-faire-des-statistiques-ethniques-on-na-pas-le-droit-de-faire-des-statistiques-religieuses-ces-interdictions-la-sont-faites-pour-empecher-aux-demograph\\\/\",\"url\":\"https:\\\/\\\/webtube.fr\\\/index.php\\\/2021\\\/03\\\/15\\\/on-na-pas-le-droit-de-faire-des-statistiques-ethniques-on-na-pas-le-droit-de-faire-des-statistiques-religieuses-ces-interdictions-la-sont-faites-pour-empecher-aux-demograph\\\/\",\"name\":\"On n\u2019a pas le droit de faire des statistiques ethniques, on n\u2019a pas le droit de faire des statistiques religieuses\u2026 Ces interdictions l\u00e0 sont faites pour emp\u00eacher aux d\u00e9mographes de dire ce qui advient - # WEBTUBE.fr\",\"isPartOf\":{\"@id\":\"https:\\\/\\\/webtube.fr\\\/#website\"},\"primaryImageOfPage\":{\"@id\":\"https:\\\/\\\/webtube.fr\\\/index.php\\\/2021\\\/03\\\/15\\\/on-na-pas-le-droit-de-faire-des-statistiques-ethniques-on-na-pas-le-droit-de-faire-des-statistiques-religieuses-ces-interdictions-la-sont-faites-pour-empecher-aux-demograph\\\/#primaryimage\"},\"image\":{\"@id\":\"https:\\\/\\\/webtube.fr\\\/index.php\\\/2021\\\/03\\\/15\\\/on-na-pas-le-droit-de-faire-des-statistiques-ethniques-on-na-pas-le-droit-de-faire-des-statistiques-religieuses-ces-interdictions-la-sont-faites-pour-empecher-aux-demograph\\\/#primaryimage\"},\"thumbnailUrl\":\"https:\\\/\\\/i.ytimg.com\\\/vi\\\/nt-NB50g_Fo\\\/maxresdefault.jpg\",\"datePublished\":\"2021-03-15T04:58:12+00:00\",\"breadcrumb\":{\"@id\":\"https:\\\/\\\/webtube.fr\\\/index.php\\\/2021\\\/03\\\/15\\\/on-na-pas-le-droit-de-faire-des-statistiques-ethniques-on-na-pas-le-droit-de-faire-des-statistiques-religieuses-ces-interdictions-la-sont-faites-pour-empecher-aux-demograph\\\/#breadcrumb\"},\"inLanguage\":\"fr-FR\",\"potentialAction\":[{\"@type\":\"ReadAction\",\"target\":[\"https:\\\/\\\/webtube.fr\\\/index.php\\\/2021\\\/03\\\/15\\\/on-na-pas-le-droit-de-faire-des-statistiques-ethniques-on-na-pas-le-droit-de-faire-des-statistiques-religieuses-ces-interdictions-la-sont-faites-pour-empecher-aux-demograph\\\/\"]}]},{\"@type\":\"ImageObject\",\"inLanguage\":\"fr-FR\",\"@id\":\"https:\\\/\\\/webtube.fr\\\/index.php\\\/2021\\\/03\\\/15\\\/on-na-pas-le-droit-de-faire-des-statistiques-ethniques-on-na-pas-le-droit-de-faire-des-statistiques-religieuses-ces-interdictions-la-sont-faites-pour-empecher-aux-demograph\\\/#primaryimage\",\"url\":\"https:\\\/\\\/i.ytimg.com\\\/vi\\\/nt-NB50g_Fo\\\/maxresdefault.jpg\",\"contentUrl\":\"https:\\\/\\\/i.ytimg.com\\\/vi\\\/nt-NB50g_Fo\\\/maxresdefault.jpg\"},{\"@type\":\"BreadcrumbList\",\"@id\":\"https:\\\/\\\/webtube.fr\\\/index.php\\\/2021\\\/03\\\/15\\\/on-na-pas-le-droit-de-faire-des-statistiques-ethniques-on-na-pas-le-droit-de-faire-des-statistiques-religieuses-ces-interdictions-la-sont-faites-pour-empecher-aux-demograph\\\/#breadcrumb\",\"itemListElement\":[{\"@type\":\"ListItem\",\"position\":1,\"name\":\"Accueil\",\"item\":\"https:\\\/\\\/webtube.fr\\\/\"},{\"@type\":\"ListItem\",\"position\":2,\"name\":\"On n\u2019a pas le droit de faire des statistiques ethniques, on n\u2019a pas le droit de faire des statistiques religieuses\u2026 Ces interdictions l\u00e0 sont faites pour emp\u00eacher aux d\u00e9mographes de dire ce qui advient\"}]},{\"@type\":\"WebSite\",\"@id\":\"https:\\\/\\\/webtube.fr\\\/#website\",\"url\":\"https:\\\/\\\/webtube.fr\\\/\",\"name\":\"WEBTUBE\",\"description\":\"WEBTUBE.fr  Streaming Vid\u00e9o and News , toutes les infos sans filtres !\",\"publisher\":{\"@id\":\"https:\\\/\\\/webtube.fr\\\/#organization\"},\"alternateName\":\"Rutube\",\"potentialAction\":[{\"@type\":\"SearchAction\",\"target\":{\"@type\":\"EntryPoint\",\"urlTemplate\":\"https:\\\/\\\/webtube.fr\\\/?s={search_term_string}\"},\"query-input\":{\"@type\":\"PropertyValueSpecification\",\"valueRequired\":true,\"valueName\":\"search_term_string\"}}],\"inLanguage\":\"fr-FR\"},{\"@type\":\"Organization\",\"@id\":\"https:\\\/\\\/webtube.fr\\\/#organization\",\"name\":\"# WEBTUBE.fr\",\"url\":\"https:\\\/\\\/webtube.fr\\\/\",\"logo\":{\"@type\":\"ImageObject\",\"inLanguage\":\"fr-FR\",\"@id\":\"https:\\\/\\\/webtube.fr\\\/#\\\/schema\\\/logo\\\/image\\\/\",\"url\":\"https:\\\/\\\/webtube.fr\\\/wp-content\\\/uploads\\\/2025\\\/09\\\/cropped-Logo_webtubeIA-1.jpg\",\"contentUrl\":\"https:\\\/\\\/webtube.fr\\\/wp-content\\\/uploads\\\/2025\\\/09\\\/cropped-Logo_webtubeIA-1.jpg\",\"width\":240,\"height\":240,\"caption\":\"# WEBTUBE.fr\"},\"image\":{\"@id\":\"https:\\\/\\\/webtube.fr\\\/#\\\/schema\\\/logo\\\/image\\\/\"},\"sameAs\":[\"https:\\\/\\\/www.facebook.com\\\/profile.php?id=100069673161887\",\"https:\\\/\\\/x.com\\\/OrtfNews\",\"https:\\\/\\\/www.facebook.com\\\/profile.php?id=100013751440523\"]},{\"@type\":\"Person\",\"@id\":\"https:\\\/\\\/webtube.fr\\\/#\\\/schema\\\/person\\\/dcc633686e0e2a79a6bf7b92c9507618\",\"name\":\"admin5851\",\"image\":{\"@type\":\"ImageObject\",\"inLanguage\":\"fr-FR\",\"@id\":\"https:\\\/\\\/secure.gravatar.com\\\/avatar\\\/ea1b672a827879c0febb022a108a871292b3d08fadc66a0a43fa47acfe82e38a?s=96&d=mm&r=g\",\"url\":\"https:\\\/\\\/secure.gravatar.com\\\/avatar\\\/ea1b672a827879c0febb022a108a871292b3d08fadc66a0a43fa47acfe82e38a?s=96&d=mm&r=g\",\"contentUrl\":\"https:\\\/\\\/secure.gravatar.com\\\/avatar\\\/ea1b672a827879c0febb022a108a871292b3d08fadc66a0a43fa47acfe82e38a?s=96&d=mm&r=g\",\"caption\":\"admin5851\"},\"sameAs\":[\"http:\\\/\\\/linlcju.cluster100.hosting.ovh.net\"],\"url\":\"https:\\\/\\\/webtube.fr\\\/index.php\\\/author\\\/admin5851\\\/\"}]}<\/script>\n<!-- \/ Yoast SEO plugin. -->","yoast_head_json":{"title":"On n\u2019a pas le droit de faire des statistiques ethniques, on n\u2019a pas le droit de faire des statistiques religieuses\u2026 Ces interdictions l\u00e0 sont faites pour emp\u00eacher aux d\u00e9mographes de dire ce qui advient - # WEBTUBE.fr","robots":{"index":"index","follow":"follow","max-snippet":"max-snippet:-1","max-image-preview":"max-image-preview:large","max-video-preview":"max-video-preview:-1"},"canonical":"https:\/\/webtube.fr\/index.php\/2021\/03\/15\/on-na-pas-le-droit-de-faire-des-statistiques-ethniques-on-na-pas-le-droit-de-faire-des-statistiques-religieuses-ces-interdictions-la-sont-faites-pour-empecher-aux-demograph\/","og_locale":"fr_FR","og_type":"article","og_title":"On n\u2019a pas le droit de faire des statistiques ethniques, on n\u2019a pas le droit de faire des statistiques religieuses\u2026 Ces interdictions l\u00e0 sont faites pour emp\u00eacher aux d\u00e9mographes de dire ce qui advient - # WEBTUBE.fr","og_description":"Articles \u00a0: Mar. 2021 &#8211; \u00a0Fev. 2021\u00a0\u2013\u00a0Jan. 2021\u00a0\u2013\u00a0Dec. 2020\u00a0 Michel Onfray : \u00ab Notre souci est de revenir aux faits. Y a-t-il un #GrandRemplacement ? L&rsquo;ONU dit \u00ab\u00a0oui\u00a0\u00bb, la d\u00e9mographie dit \u00ab\u00a0oui\u00a0\u00bb, les indig\u00e9nistes disent \u00ab\u00a0oui\u00a0\u00bb, et quand Renaud Camus dit \u00ab\u00a0oui\u00a0\u00bb, on r\u00e9pond \u00ab\u00a0non, c&rsquo;est un fasciste\u00a0\u00bb. \u00bb \u00ab Quand quelqu\u2019un de gauche dit &hellip; Continuer la lecture de &laquo;&nbsp;On n\u2019a pas le droit de faire des statistiques ethniques, on n\u2019a pas le droit de faire des statistiques religieuses\u2026 Ces interdictions l\u00e0 sont faites pour emp\u00eacher aux d\u00e9mographes de dire ce qui advient&nbsp;&raquo;","og_url":"https:\/\/webtube.fr\/index.php\/2021\/03\/15\/on-na-pas-le-droit-de-faire-des-statistiques-ethniques-on-na-pas-le-droit-de-faire-des-statistiques-religieuses-ces-interdictions-la-sont-faites-pour-empecher-aux-demograph\/","og_site_name":"# WEBTUBE.fr","article_publisher":"https:\/\/www.facebook.com\/profile.php?id=100069673161887","article_published_time":"2021-03-15T04:58:12+00:00","og_image":[{"url":"https:\/\/i.ytimg.com\/vi\/nt-NB50g_Fo\/maxresdefault.jpg","type":"","width":"","height":""}],"author":"admin5851","twitter_card":"summary_large_image","twitter_creator":"@OrtfNews","twitter_site":"@OrtfNews","twitter_misc":{"\u00c9crit par":"admin5851","Dur\u00e9e de lecture estim\u00e9e":"1 minute"},"schema":{"@context":"https:\/\/schema.org","@graph":[{"@type":"Article","@id":"https:\/\/webtube.fr\/index.php\/2021\/03\/15\/on-na-pas-le-droit-de-faire-des-statistiques-ethniques-on-na-pas-le-droit-de-faire-des-statistiques-religieuses-ces-interdictions-la-sont-faites-pour-empecher-aux-demograph\/#article","isPartOf":{"@id":"https:\/\/webtube.fr\/index.php\/2021\/03\/15\/on-na-pas-le-droit-de-faire-des-statistiques-ethniques-on-na-pas-le-droit-de-faire-des-statistiques-religieuses-ces-interdictions-la-sont-faites-pour-empecher-aux-demograph\/"},"author":{"name":"admin5851","@id":"https:\/\/webtube.fr\/#\/schema\/person\/dcc633686e0e2a79a6bf7b92c9507618"},"headline":"On n\u2019a pas le droit de faire des statistiques ethniques, on n\u2019a pas le droit de faire des statistiques religieuses\u2026 Ces interdictions l\u00e0 sont faites pour emp\u00eacher aux d\u00e9mographes de dire ce qui advient","datePublished":"2021-03-15T04:58:12+00:00","mainEntityOfPage":{"@id":"https:\/\/webtube.fr\/index.php\/2021\/03\/15\/on-na-pas-le-droit-de-faire-des-statistiques-ethniques-on-na-pas-le-droit-de-faire-des-statistiques-religieuses-ces-interdictions-la-sont-faites-pour-empecher-aux-demograph\/"},"wordCount":251,"commentCount":0,"publisher":{"@id":"https:\/\/webtube.fr\/#organization"},"image":{"@id":"https:\/\/webtube.fr\/index.php\/2021\/03\/15\/on-na-pas-le-droit-de-faire-des-statistiques-ethniques-on-na-pas-le-droit-de-faire-des-statistiques-religieuses-ces-interdictions-la-sont-faites-pour-empecher-aux-demograph\/#primaryimage"},"thumbnailUrl":"https:\/\/i.ytimg.com\/vi\/nt-NB50g_Fo\/maxresdefault.jpg","inLanguage":"fr-FR","potentialAction":[{"@type":"CommentAction","name":"Comment","target":["https:\/\/webtube.fr\/index.php\/2021\/03\/15\/on-na-pas-le-droit-de-faire-des-statistiques-ethniques-on-na-pas-le-droit-de-faire-des-statistiques-religieuses-ces-interdictions-la-sont-faites-pour-empecher-aux-demograph\/#respond"]}]},{"@type":"WebPage","@id":"https:\/\/webtube.fr\/index.php\/2021\/03\/15\/on-na-pas-le-droit-de-faire-des-statistiques-ethniques-on-na-pas-le-droit-de-faire-des-statistiques-religieuses-ces-interdictions-la-sont-faites-pour-empecher-aux-demograph\/","url":"https:\/\/webtube.fr\/index.php\/2021\/03\/15\/on-na-pas-le-droit-de-faire-des-statistiques-ethniques-on-na-pas-le-droit-de-faire-des-statistiques-religieuses-ces-interdictions-la-sont-faites-pour-empecher-aux-demograph\/","name":"On n\u2019a pas le droit de faire des statistiques ethniques, on n\u2019a pas le droit de faire des statistiques religieuses\u2026 Ces interdictions l\u00e0 sont faites pour emp\u00eacher aux d\u00e9mographes de dire ce qui advient - # WEBTUBE.fr","isPartOf":{"@id":"https:\/\/webtube.fr\/#website"},"primaryImageOfPage":{"@id":"https:\/\/webtube.fr\/index.php\/2021\/03\/15\/on-na-pas-le-droit-de-faire-des-statistiques-ethniques-on-na-pas-le-droit-de-faire-des-statistiques-religieuses-ces-interdictions-la-sont-faites-pour-empecher-aux-demograph\/#primaryimage"},"image":{"@id":"https:\/\/webtube.fr\/index.php\/2021\/03\/15\/on-na-pas-le-droit-de-faire-des-statistiques-ethniques-on-na-pas-le-droit-de-faire-des-statistiques-religieuses-ces-interdictions-la-sont-faites-pour-empecher-aux-demograph\/#primaryimage"},"thumbnailUrl":"https:\/\/i.ytimg.com\/vi\/nt-NB50g_Fo\/maxresdefault.jpg","datePublished":"2021-03-15T04:58:12+00:00","breadcrumb":{"@id":"https:\/\/webtube.fr\/index.php\/2021\/03\/15\/on-na-pas-le-droit-de-faire-des-statistiques-ethniques-on-na-pas-le-droit-de-faire-des-statistiques-religieuses-ces-interdictions-la-sont-faites-pour-empecher-aux-demograph\/#breadcrumb"},"inLanguage":"fr-FR","potentialAction":[{"@type":"ReadAction","target":["https:\/\/webtube.fr\/index.php\/2021\/03\/15\/on-na-pas-le-droit-de-faire-des-statistiques-ethniques-on-na-pas-le-droit-de-faire-des-statistiques-religieuses-ces-interdictions-la-sont-faites-pour-empecher-aux-demograph\/"]}]},{"@type":"ImageObject","inLanguage":"fr-FR","@id":"https:\/\/webtube.fr\/index.php\/2021\/03\/15\/on-na-pas-le-droit-de-faire-des-statistiques-ethniques-on-na-pas-le-droit-de-faire-des-statistiques-religieuses-ces-interdictions-la-sont-faites-pour-empecher-aux-demograph\/#primaryimage","url":"https:\/\/i.ytimg.com\/vi\/nt-NB50g_Fo\/maxresdefault.jpg","contentUrl":"https:\/\/i.ytimg.com\/vi\/nt-NB50g_Fo\/maxresdefault.jpg"},{"@type":"BreadcrumbList","@id":"https:\/\/webtube.fr\/index.php\/2021\/03\/15\/on-na-pas-le-droit-de-faire-des-statistiques-ethniques-on-na-pas-le-droit-de-faire-des-statistiques-religieuses-ces-interdictions-la-sont-faites-pour-empecher-aux-demograph\/#breadcrumb","itemListElement":[{"@type":"ListItem","position":1,"name":"Accueil","item":"https:\/\/webtube.fr\/"},{"@type":"ListItem","position":2,"name":"On n\u2019a pas le droit de faire des statistiques ethniques, on n\u2019a pas le droit de faire des statistiques religieuses\u2026 Ces interdictions l\u00e0 sont faites pour emp\u00eacher aux d\u00e9mographes de dire ce qui advient"}]},{"@type":"WebSite","@id":"https:\/\/webtube.fr\/#website","url":"https:\/\/webtube.fr\/","name":"WEBTUBE","description":"WEBTUBE.fr  Streaming Vid\u00e9o and News , toutes les infos sans filtres !","publisher":{"@id":"https:\/\/webtube.fr\/#organization"},"alternateName":"Rutube","potentialAction":[{"@type":"SearchAction","target":{"@type":"EntryPoint","urlTemplate":"https:\/\/webtube.fr\/?s={search_term_string}"},"query-input":{"@type":"PropertyValueSpecification","valueRequired":true,"valueName":"search_term_string"}}],"inLanguage":"fr-FR"},{"@type":"Organization","@id":"https:\/\/webtube.fr\/#organization","name":"# WEBTUBE.fr","url":"https:\/\/webtube.fr\/","logo":{"@type":"ImageObject","inLanguage":"fr-FR","@id":"https:\/\/webtube.fr\/#\/schema\/logo\/image\/","url":"https:\/\/webtube.fr\/wp-content\/uploads\/2025\/09\/cropped-Logo_webtubeIA-1.jpg","contentUrl":"https:\/\/webtube.fr\/wp-content\/uploads\/2025\/09\/cropped-Logo_webtubeIA-1.jpg","width":240,"height":240,"caption":"# WEBTUBE.fr"},"image":{"@id":"https:\/\/webtube.fr\/#\/schema\/logo\/image\/"},"sameAs":["https:\/\/www.facebook.com\/profile.php?id=100069673161887","https:\/\/x.com\/OrtfNews","https:\/\/www.facebook.com\/profile.php?id=100013751440523"]},{"@type":"Person","@id":"https:\/\/webtube.fr\/#\/schema\/person\/dcc633686e0e2a79a6bf7b92c9507618","name":"admin5851","image":{"@type":"ImageObject","inLanguage":"fr-FR","@id":"https:\/\/secure.gravatar.com\/avatar\/ea1b672a827879c0febb022a108a871292b3d08fadc66a0a43fa47acfe82e38a?s=96&d=mm&r=g","url":"https:\/\/secure.gravatar.com\/avatar\/ea1b672a827879c0febb022a108a871292b3d08fadc66a0a43fa47acfe82e38a?s=96&d=mm&r=g","contentUrl":"https:\/\/secure.gravatar.com\/avatar\/ea1b672a827879c0febb022a108a871292b3d08fadc66a0a43fa47acfe82e38a?s=96&d=mm&r=g","caption":"admin5851"},"sameAs":["http:\/\/linlcju.cluster100.hosting.ovh.net"],"url":"https:\/\/webtube.fr\/index.php\/author\/admin5851\/"}]}},"jetpack_featured_media_url":"","jetpack_sharing_enabled":true,"_links":{"self":[{"href":"https:\/\/webtube.fr\/index.php\/wp-json\/wp\/v2\/posts\/10208","targetHints":{"allow":["GET"]}}],"collection":[{"href":"https:\/\/webtube.fr\/index.php\/wp-json\/wp\/v2\/posts"}],"about":[{"href":"https:\/\/webtube.fr\/index.php\/wp-json\/wp\/v2\/types\/post"}],"author":[{"embeddable":true,"href":"https:\/\/webtube.fr\/index.php\/wp-json\/wp\/v2\/users\/1"}],"replies":[{"embeddable":true,"href":"https:\/\/webtube.fr\/index.php\/wp-json\/wp\/v2\/comments?post=10208"}],"version-history":[{"count":0,"href":"https:\/\/webtube.fr\/index.php\/wp-json\/wp\/v2\/posts\/10208\/revisions"}],"wp:attachment":[{"href":"https:\/\/webtube.fr\/index.php\/wp-json\/wp\/v2\/media?parent=10208"}],"wp:term":[{"taxonomy":"category","embeddable":true,"href":"https:\/\/webtube.fr\/index.php\/wp-json\/wp\/v2\/categories?post=10208"},{"taxonomy":"post_tag","embeddable":true,"href":"https:\/\/webtube.fr\/index.php\/wp-json\/wp\/v2\/tags?post=10208"}],"curies":[{"name":"wp","href":"https:\/\/api.w.org\/{rel}","templated":true}]}}